{"id":6529,"date":"2013-05-10T18:46:27","date_gmt":"2013-05-10T16:46:27","guid":{"rendered":"http:\/\/www.manologarciaycia.com\/?p=6529"},"modified":"2013-05-10T18:46:27","modified_gmt":"2013-05-10T16:46:27","slug":"mg-manolo-garcia-premiado-con-un-premios-nos1-cadena-100","status":"publish","type":"post","link":"https:\/\/www.manologarciaycia.com\/?p=6529","title":{"rendered":"MG: Manolo Garc\u00eda premiado con un Premios Nos1 Cadena 100"},"content":{"rendered":"<p><img loading=\"lazy\" decoding=\"async\" class=\"alignleft\" alt=\"\" src=\"http:\/\/www.cadena100.es\/archivos\/Noticias_Musicales\/imagenes\/PremiosNo1-Cartel2013.png\" width=\"400\" height=\"561\" \/>Alejandro Sanz, Jamie Cullum, Guevara, <strong>Manolo Garc\u00eda<\/strong>, Melendi y Rev\u00f3lver son los galardonados de los Premios Nos 1 de CADENA 100. El pr\u00f3ximo lunes 27 de mayo y por s\u00e9ptimo a\u00f1o consecutivo celebramos en Barcelona los Premios Nos 1 de CADENA 100.<\/p>\n<p>Los Premios Nos 1 de CADENA 100 nacieron en 2007 con un claro prop\u00f3sito, el de premiar a las figuras m\u00e1s destacadas del a\u00f1o. Y no s\u00f3lo a aquellas relacionadas con la m\u00fasica, sino tambi\u00e9n a las m\u00e1s importantes del mundo de la televisi\u00f3n y de la sociedad.<\/p>\n<p>Premiados musicales<\/p>\n<p>En esta edici\u00f3n los premios musicales han reca\u00eddo sobre Alejandro Sanz, Jamie Cullum, Guevara, Manolo Garc\u00eda, Melendi y Rev\u00f3lver, que asistir\u00e1n a la gala para recoger su galard\u00f3n.<\/p>\n<p>En anteriores ediciones todos ellos tambi\u00e9n fueron premiados: La oreja de Van Gogh, Nena Daconte, Soraya (2007), Conchita, Estopa, Chambao, Vale music (2008), Beatriz Luengo, Carlos Baute, Melendi, Los Secretos y Clipper\u00b4s (2009), Amaia Montero, David Bisbal, El sue\u00f1o de Morfeo, Fito &amp; Fitipaldis, Nacho Cano, Rosana (2010), Fangoria, Dani Mart\u00edn, Macaco, Maldita Nerea, Sopa de cabra, Mal\u00fa (2011), Pablo Albor\u00e1n, Chenoa, Manuel Carrasco, Antonio Orozco, Amaral (2012).<\/p>\n<p>M\u00e1s premiados:\u00a0Tambi\u00e9n recoger\u00e1n su premio Arturo Valls, (presentador de \u00abSplash: Famosos al agua\u00bb y \u00ab\u00a1Ahora caigo!\u00bb), Bancos de alimentos, Cap Roig festival y el programa de televisi\u00f3n \u00abLa voz\u00bb.<\/p>\n<p>En nuestras seis ediciones anteriores los premios televisivos y sociales fueron para: Camera caf\u00e9, Yo soy Bea (2008), La hora de Jos\u00e9 Mota y Super3 (2009), Carlos Latre (2010), El club de la comedia, Tricicle (2011), Polseres vermelles, Edu Soto i David Fern\u00e1ndez (2012). Rock in Rio (2007), Mundo negro (2008), Manos Unidas y USP Fundaci\u00f3n \u00c1lex (2009), C\u00e1ritas (2010), Forum Libertas (2011) y C\u00e1ritas (2012).<\/p>\n<p>El entorno: Un a\u00f1o m\u00e1s, contamos con una ubicaci\u00f3n de primera: el hotel Eurostars Grand Marina, un complejo de cinco estrellas gran lujo que acoger\u00e1 a nuestros premiados e invitados.<\/p>\n<p>Fuente: Cadena 100 &#8211; <a href=\"http:\/\/www.cadena100.es\/noticia_extendida_musical.php?id=47253\" target=\"_blank\">ENLACE<\/a> &#8211; Aviso de Jose Campillo, gracias!<\/p>\n","protected":false},"excerpt":{"rendered":"<p>Alejandro Sanz, Jamie Cullum, Guevara, Manolo Garc\u00eda, Melendi y Rev\u00f3lver son los galardonados de los Premios Nos 1 de CADENA 100. El pr\u00f3ximo lunes 27 de mayo y por s\u00e9ptimo a\u00f1o consecutivo celebramos en Barcelona los Premios Nos 1 de CADENA 100. Los Premios Nos 1 de CADENA 100 nacieron en 2007 con un claro<a class=\"moretag\" href=\"https:\/\/www.manologarciaycia.com\/?p=6529\" title=\"MG: Manolo Garc\u00eda premiado con un Premios Nos1 Cadena 100\" target=\"_self\" rel=\"follow\"> <font face=arial size=2>[Leer m\u00e1s]<\/font> <\/a><\/p>\n","protected":false},"author":2,"featured_media":0,"comment_status":"closed","ping_status":"closed","sticky":false,"template":"","format":"standard","meta":{"footnotes":""},"categories":[1],"tags":[],"class_list":["post-6529","post","type-post","status-publish","format-standard","hentry","category-manolo-garcia"],"_links":{"self":[{"href":"https:\/\/www.manologarciaycia.com\/index.php?rest_route=\/wp\/v2\/posts\/6529","targetHints":{"allow":["GET"]}}],"collection":[{"href":"https:\/\/www.manologarciaycia.com\/index.php?rest_route=\/wp\/v2\/posts"}],"about":[{"href":"https:\/\/www.manologarciaycia.com\/index.php?rest_route=\/wp\/v2\/types\/post"}],"author":[{"embeddable":true,"href":"https:\/\/www.manologarciaycia.com\/index.php?rest_route=\/wp\/v2\/users\/2"}],"replies":[{"embeddable":true,"href":"https:\/\/www.manologarciaycia.com\/index.php?rest_route=%2Fwp%2Fv2%2Fcomments&post=6529"}],"version-history":[{"count":1,"href":"https:\/\/www.manologarciaycia.com\/index.php?rest_route=\/wp\/v2\/posts\/6529\/revisions"}],"predecessor-version":[{"id":6530,"href":"https:\/\/www.manologarciaycia.com\/index.php?rest_route=\/wp\/v2\/posts\/6529\/revisions\/6530"}],"wp:attachment":[{"href":"https:\/\/www.manologarciaycia.com\/index.php?rest_route=%2Fwp%2Fv2%2Fmedia&parent=6529"}],"wp:term":[{"taxonomy":"category","embeddable":true,"href":"https:\/\/www.manologarciaycia.com\/index.php?rest_route=%2Fwp%2Fv2%2Fcategories&post=6529"},{"taxonomy":"post_tag","embeddable":true,"href":"https:\/\/www.manologarciaycia.com\/index.php?rest_route=%2Fwp%2Fv2%2Ftags&post=6529"}],"curies":[{"name":"wp","href":"https:\/\/api.w.org\/{rel}","templated":true}]}}