{"id":6524,"date":"2013-05-10T07:36:03","date_gmt":"2013-05-10T05:36:03","guid":{"rendered":"http:\/\/www.manologarciaycia.com\/?p=6524"},"modified":"2013-05-10T09:05:53","modified_gmt":"2013-05-10T07:05:53","slug":"mg-manolo-garcia-el-primero-de-la-fila-2","status":"publish","type":"post","link":"https:\/\/www.manologarciaycia.com\/?p=6524","title":{"rendered":"MG: Manolo Garc\u00eda, el primero de la fila"},"content":{"rendered":"<p><img loading=\"lazy\" decoding=\"async\" class=\"alignleft\" alt=\"\" src=\"http:\/\/media.grupojoly.com\/imagen.php?imagen=\/\/0001354500\/0001354842.jpg&amp;an=580&amp;alt=440&amp;checkSize=1\" width=\"335\" height=\"182\" \/> El autor de &#8216;Arena en los bolsillos&#8217; y el novelista Manuel Vila Matas reflexionan en el Auditorio Manuel de Falla sobre las relaciones entre poes\u00eda y canciones.<\/p>\n<p>Manolo Garc\u00eda y Manuel Vila Matas se enfrascaron ayer en el Auditorio Manuel de Falla en la t\u00edpica discusi\u00f3n sobre qui\u00e9n liga m\u00e1s, si un m\u00fasico o un escritor. \u00abImagino que hubieses querido ser cantante por eso del ligoteo\u00bb, le espet\u00f3 el autor de Arena en los bolsillos. \u00abBueno, con la literatura tambi\u00e9n se apa\u00f1a uno, aunque hay que trabaj\u00e1rselo m\u00e1s\u00bb, le respondi\u00f3 el novelista. Pero lo cierto es que, antes del encuentro organizado por el Festival Internacional de Poes\u00eda (FIP), Vila Matas entr\u00f3 en el auditorio como si fuera un espectador m\u00e1s y Manolo Garc\u00eda tuvo que aguantar una sesi\u00f3n de fotos con los fans de m\u00e1s de un cuarto de hora.<\/p>\n<p>El ex de \u00daltimo de la Fila habl\u00f3 de libros con soltura y el escritor se mostr\u00f3 como un erudito mel\u00f3mano. El primero confes\u00f3 que llevaba la m\u00fasica \u00abde serie\u00bb y que luego comenz\u00f3 a interesarse por la literatura y el segundo dijo lo mismo, pero al contrario. Los m\u00e1s de 1.000 espectadores, que acudieron al acto, con la secreta esperanza de que el cantante apareciese con una guitarra, rieron con ganas con la sencillez de Manolo Garc\u00eda, con una camisa desabrochada de esas que no se compran en las boutiques, pantalones vaqueros y unas zapatillas que dejaban entrever por los tobillos unos calcetines de rayas. Las carcajadas llegaron cuando confes\u00f3 que, hace a\u00f1os, hac\u00eda guardia en el Corte Ingl\u00e9s para ver c\u00f3mo se vend\u00edan sus discos. \u00abSi ve\u00eda que el de Radio Futura estaba delante del nuestro lo cambiaba y lo pon\u00eda detr\u00e1s\u00bb. Y hablando de los t\u00f3picos, se ri\u00f3 de la imagen del escritor \u00abescribiendo en casa en zapatillas y fumando en pipa mientras el rockero est\u00e1 de fiesta en la piscina\u00bb. Pero cuando dijo que \u00abmuchos m\u00fasicos son unos vanidosos que se creen dios y en fondo son unos gilipollas\u00bb, al contrario que los poetas, el experto escritor no tuvo m\u00e1s remedo que corregirle: \u00abTambi\u00e9n hay poetas tremendos, la mayor\u00eda son condenables directamente\u00bb, precis\u00f3 el autor de Aire de Dylan, que exhibi\u00f3 una gran candidez cuando se mostr\u00f3 sorprendido de que, recientemente, entr\u00f3 en el bar de unos amigos con Cristina Rosenvinge y, de inmediato, se convirti\u00f3 en el hombre invisible<\/p>\n<p>El m\u00fasico se mostr\u00f3 muy cr\u00edtico con la situaci\u00f3n actual de la m\u00fasica en Espa\u00f1a, que en su opini\u00f3n se ha \u00abbanalizado\u00bb porque los poderes atacan su l\u00ednea de flotaci\u00f3n. Pero rescat\u00f3 a bandas granadinas como Lori Meyers, \u00abun grupo que lucha por su dignidad aunque no es tan f\u00e1cil porque es algo que se pierde por el camino con el dinero y con las ventas de discos\u00bb. Y aunque dijo que no quer\u00eda ser cr\u00edtico, afirm\u00f3 que al sistema le interesa la m\u00fasica del chun-chun, \u00abque es muy respetable pero no alimenta la reflexi\u00f3n\u00bb. Aqu\u00ed, Vila Matas sac\u00f3 a relucir su disco duro de la mitoman\u00eda y record\u00f3 una frase de Bob Dylan: \u00abSin miedo, sin envidias, sin rencores\u00bb. Retom\u00f3 la conversaci\u00f3n el artista para recordar que \u00abcuando la m\u00fasica comenzaba a tener fuerza en los 60 con Jimi Hendrix o los Stones el m\u00fasico no ganaba dinero, lo hac\u00eda la gente que estaba a su alrededor, el m\u00fasico era feliz porque se drogaba, beb\u00eda y hac\u00eda el amor\u00bb. Y record\u00f3 el caso de Janis Joplin, ilustre integrante del club de los artistas que murieron a los 27 a\u00f1os. \u00abElla contaba que se hab\u00eda pasado por la piedra a todo el que hab\u00eda podido, pero esa libertad dej\u00f3 de estar vigente en cundo el m\u00fasico comenz\u00f3 a ganar dinero y se aceporr\u00f3\u00bb, continu\u00f3 el cantante que ha conseguido crear im\u00e1genes tan rotundas para definir la sensaci\u00f3n de ser un cero a la izquierda como la de \u00abun burro amarrado a la puerta del baile\u00bb. \u00abLas buenas letras son veneno para la taquilla porque ahora todo se basa en sacar un estribillo pegadizo\u00bb, dijo Vila Matas aunque el cantante, despu\u00e9s de admitir que \u00ablo de vender discos se ha acabado\u00bb, opin\u00f3 que la situaci\u00f3n actual est\u00e1 separando \u00abel grano de la paja\u00bb. \u00abEn estos momentos, el que se dedica a la m\u00fasica lo hace por amor al arte, sabiendo que a priori no va a poder vivir de sus canciones, lo que por otro lado implica poner mucha pasi\u00f3n, algo que se hab\u00eda casi perdido\u00bb, confes\u00f3 un artista que, pese a vestir con marcas blancas y ser el vivo retrato de la normalidad, ha vendido millones de discos y, todav\u00eda, es de los pocos capaces de llenar auditorios.<\/p>\n<p>Y todav\u00eda tiene el veneno de los escenarios porque necesita cantarle a la gente sus canciones \u00abdespu\u00e9s de estar meses encerrado en el estudio\u00bb. \u00abSoy n\u00f3mada y, a veces, hay que irse de uno mismo porque coges unos pedales muy raros\u00bb, concluy\u00f3 uno de los pocos cantantes que son capaces de reunir a m\u00e1s de 1.000 personas simplemente para escucharle conversar.<\/p>\n<p>Fuente: Granada Hoy &#8211; <a href=\"http:\/\/www.granadahoy.com\/article\/ocio\/1519994\/manolo\/garcia\/el\/primero\/la\/fila.html\" target=\"_blank\">ENLACE<\/a><\/p>\n","protected":false},"excerpt":{"rendered":"<p>El autor de &#8216;Arena en los bolsillos&#8217; y el novelista Manuel Vila Matas reflexionan en el Auditorio Manuel de Falla sobre las relaciones entre poes\u00eda y canciones. Manolo Garc\u00eda y Manuel Vila Matas se enfrascaron ayer en el Auditorio Manuel de Falla en la t\u00edpica discusi\u00f3n sobre qui\u00e9n liga m\u00e1s, si un m\u00fasico o un<a class=\"moretag\" href=\"https:\/\/www.manologarciaycia.com\/?p=6524\" title=\"MG: Manolo Garc\u00eda, el primero de la fila\" target=\"_self\" rel=\"follow\"> <font face=arial size=2>[Leer m\u00e1s]<\/font> <\/a><\/p>\n","protected":false},"author":2,"featured_media":0,"comment_status":"closed","ping_status":"closed","sticky":false,"template":"","format":"standard","meta":{"footnotes":""},"categories":[1],"tags":[],"class_list":["post-6524","post","type-post","status-publish","format-standard","hentry","category-manolo-garcia"],"_links":{"self":[{"href":"https:\/\/www.manologarciaycia.com\/index.php?rest_route=\/wp\/v2\/posts\/6524","targetHints":{"allow":["GET"]}}],"collection":[{"href":"https:\/\/www.manologarciaycia.com\/index.php?rest_route=\/wp\/v2\/posts"}],"about":[{"href":"https:\/\/www.manologarciaycia.com\/index.php?rest_route=\/wp\/v2\/types\/post"}],"author":[{"embeddable":true,"href":"https:\/\/www.manologarciaycia.com\/index.php?rest_route=\/wp\/v2\/users\/2"}],"replies":[{"embeddable":true,"href":"https:\/\/www.manologarciaycia.com\/index.php?rest_route=%2Fwp%2Fv2%2Fcomments&post=6524"}],"version-history":[{"count":3,"href":"https:\/\/www.manologarciaycia.com\/index.php?rest_route=\/wp\/v2\/posts\/6524\/revisions"}],"predecessor-version":[{"id":6526,"href":"https:\/\/www.manologarciaycia.com\/index.php?rest_route=\/wp\/v2\/posts\/6524\/revisions\/6526"}],"wp:attachment":[{"href":"https:\/\/www.manologarciaycia.com\/index.php?rest_route=%2Fwp%2Fv2%2Fmedia&parent=6524"}],"wp:term":[{"taxonomy":"category","embeddable":true,"href":"https:\/\/www.manologarciaycia.com\/index.php?rest_route=%2Fwp%2Fv2%2Fcategories&post=6524"},{"taxonomy":"post_tag","embeddable":true,"href":"https:\/\/www.manologarciaycia.com\/index.php?rest_route=%2Fwp%2Fv2%2Ftags&post=6524"}],"curies":[{"name":"wp","href":"https:\/\/api.w.org\/{rel}","templated":true}]}}