{"id":6520,"date":"2013-05-10T07:31:41","date_gmt":"2013-05-10T05:31:41","guid":{"rendered":"http:\/\/www.manologarciaycia.com\/?p=6520"},"modified":"2013-05-10T07:33:06","modified_gmt":"2013-05-10T05:33:06","slug":"mg-la-musica-y-la-literatura-se-han-vanalizado","status":"publish","type":"post","link":"https:\/\/www.manologarciaycia.com\/?p=6520","title":{"rendered":"MG: \u00abLa m\u00fasica y la literatura se han vanalizado\u00bb"},"content":{"rendered":"<p><img loading=\"lazy\" decoding=\"async\" src=\"http:\/\/www.ideal.es\/granada\/noticias\/201305\/10\/Media\/Granada\/premio--647x231.jpg\" width=\"647\" height=\"231\" class=\"aligncenter\" \/>Manolo Garc\u00eda y Manuel Vilas recorrieron las coincidencias de la evoluci\u00f3n actual del pop y de la poes\u00eda.<\/p>\n<p>Podr\u00eda haber sido una charla entre dos antisistema, una reivindicaci\u00f3n de la verdadera cultura, aquella que persigue ser feliz y hacer feliz a los dem\u00e1s. Ese podr\u00eda ser el resumen de la charla que mantuvieron ante un abarrotado Auditorio Manuel de Falla el compositor y cantante Manolo Garc\u00eda (El \u00faltimo de la fila) y el poeta aragon\u00e9s Manuel Vilas, un nombre de referencia y tendencia de la \u00faltima poes\u00eda y narrativa espa\u00f1ola, pero no llega al mito del pop. Tal y como explica hoy el periodista Juan Luis Tapia en la edici\u00f3n impresa de IDEAL, era un acto del Festival Internacional de Poes\u00eda y se ten\u00eda que hablar de la relaci\u00f3n de la literatura y la m\u00fasica.<\/p>\n<p>Vilas empez\u00f3 mostrando su fascinaci\u00f3n por \u00abla energ\u00eda del pop, que le hace ser una cultura viva, la permanencia en la juventud ante el envejecimiento de grandes como Bob Dylan y los Rolling\u00bb. Manolo Garc\u00eda destac\u00f3 la energ\u00eda de los grandes mitos, \u00abcomo Patty Smith, a la que vi en Barcelona y que tiene una gran vitalidad\u00bb.<\/p>\n<p>Fuente: Ideal &#8211; <a href='http:\/\/www.ideal.es\/granada\/20130510\/mas-actualidad\/cultura\/musica-literatura-vanalizado-201305100118.html' target=_new>ENLACE<\/a><\/p>\n","protected":false},"excerpt":{"rendered":"<p>Manolo Garc\u00eda y Manuel Vilas recorrieron las coincidencias de la evoluci\u00f3n actual del pop y de la poes\u00eda. Podr\u00eda haber sido una charla entre dos antisistema, una reivindicaci\u00f3n de la verdadera cultura, aquella que persigue ser feliz y hacer feliz a los dem\u00e1s. Ese podr\u00eda ser el resumen de la charla que mantuvieron ante un<a class=\"moretag\" href=\"https:\/\/www.manologarciaycia.com\/?p=6520\" title=\"MG: \u00abLa m\u00fasica y la literatura se han vanalizado\u00bb\" target=\"_self\" rel=\"follow\"> <font face=arial size=2>[Leer m\u00e1s]<\/font> <\/a><\/p>\n","protected":false},"author":2,"featured_media":0,"comment_status":"closed","ping_status":"closed","sticky":false,"template":"","format":"standard","meta":{"footnotes":""},"categories":[1],"tags":[],"class_list":["post-6520","post","type-post","status-publish","format-standard","hentry","category-manolo-garcia"],"_links":{"self":[{"href":"https:\/\/www.manologarciaycia.com\/index.php?rest_route=\/wp\/v2\/posts\/6520","targetHints":{"allow":["GET"]}}],"collection":[{"href":"https:\/\/www.manologarciaycia.com\/index.php?rest_route=\/wp\/v2\/posts"}],"about":[{"href":"https:\/\/www.manologarciaycia.com\/index.php?rest_route=\/wp\/v2\/types\/post"}],"author":[{"embeddable":true,"href":"https:\/\/www.manologarciaycia.com\/index.php?rest_route=\/wp\/v2\/users\/2"}],"replies":[{"embeddable":true,"href":"https:\/\/www.manologarciaycia.com\/index.php?rest_route=%2Fwp%2Fv2%2Fcomments&post=6520"}],"version-history":[{"count":3,"href":"https:\/\/www.manologarciaycia.com\/index.php?rest_route=\/wp\/v2\/posts\/6520\/revisions"}],"predecessor-version":[{"id":6522,"href":"https:\/\/www.manologarciaycia.com\/index.php?rest_route=\/wp\/v2\/posts\/6520\/revisions\/6522"}],"wp:attachment":[{"href":"https:\/\/www.manologarciaycia.com\/index.php?rest_route=%2Fwp%2Fv2%2Fmedia&parent=6520"}],"wp:term":[{"taxonomy":"category","embeddable":true,"href":"https:\/\/www.manologarciaycia.com\/index.php?rest_route=%2Fwp%2Fv2%2Fcategories&post=6520"},{"taxonomy":"post_tag","embeddable":true,"href":"https:\/\/www.manologarciaycia.com\/index.php?rest_route=%2Fwp%2Fv2%2Ftags&post=6520"}],"curies":[{"name":"wp","href":"https:\/\/api.w.org\/{rel}","templated":true}]}}