{"id":6471,"date":"2013-05-05T08:39:09","date_gmt":"2013-05-05T06:39:09","guid":{"rendered":"http:\/\/www.manologarciaycia.com\/?p=6471"},"modified":"2013-05-05T08:39:59","modified_gmt":"2013-05-05T06:39:59","slug":"mg-el-ritmo-de-los-versos","status":"publish","type":"post","link":"https:\/\/www.manologarciaycia.com\/?p=6471","title":{"rendered":"MG: El ritmo de los versos"},"content":{"rendered":"<p><img loading=\"lazy\" decoding=\"async\" class=\"alignleft\" alt=\"\" src=\"http:\/\/ep01.epimg.net\/ccaa\/imagenes\/2013\/05\/03\/andalucia\/1367607055_159989_1367607388_noticia_normal.jpg\" width=\"336\" height=\"179\" \/> Las letras del cantante Manolo Garc\u00eda est\u00e1n consideradas las de mayor componente po\u00e9tico del pop rock espa\u00f1ol. La vinculaci\u00f3n de la m\u00fasica y la poes\u00eda, la inspiraci\u00f3n y la t\u00e9cnica constituyen la base de la charla-recital que dar\u00e1 el artista dentro del Festival Internacional de Poes\u00eda de Granada. El encuentro ser\u00e1 inaugurado el 7 de mayo por el actor Juan Diego Botto y el poeta granadino Luis Garc\u00eda Montero con una lectura de poemas de Federico Garc\u00eda Lorca en su residencia de verano, la Huerta de San Vicente.<\/p>\n<p>En su d\u00e9cimo cumplea\u00f1os, el certamen contar\u00e1 con la presencia de Evgeny Yevtushenko, uno de los poetas m\u00e1s relevantes de las letras rusas. En la semana de la poes\u00eda, que se celebra hasta el 11 de mayo, tambi\u00e9n estar\u00e1 Pablo Garc\u00eda Baena, premio Poes\u00eda Federico Garc\u00eda Lorca 2012, y poetas internacionales como el mexicano \u00c1lvaro Sol\u00eds que, en estos seis d\u00edas, realizar\u00e1n varias lecturas.<\/p>\n<p>Fuente: Agenda de la Semana &#8211; Andaluc\u00eda &#8211; El Pa\u00eds &#8211; <a href=\"http:\/\/ccaa.elpais.com\/ccaa\/2013\/05\/03\/andalucia\/1367607055_159989.html\" target=\"_new\">ENLACE<\/a><\/p>\n","protected":false},"excerpt":{"rendered":"<p>Las letras del cantante Manolo Garc\u00eda est\u00e1n consideradas las de mayor componente po\u00e9tico del pop rock espa\u00f1ol. La vinculaci\u00f3n de la m\u00fasica y la poes\u00eda, la inspiraci\u00f3n y la t\u00e9cnica constituyen la base de la charla-recital que dar\u00e1 el artista dentro del Festival Internacional de Poes\u00eda de Granada. El encuentro ser\u00e1 inaugurado el 7 de<a class=\"moretag\" href=\"https:\/\/www.manologarciaycia.com\/?p=6471\" title=\"MG: El ritmo de los versos\" target=\"_self\" rel=\"follow\"> <font face=arial size=2>[Leer m\u00e1s]<\/font> <\/a><\/p>\n","protected":false},"author":2,"featured_media":0,"comment_status":"closed","ping_status":"closed","sticky":false,"template":"","format":"standard","meta":{"footnotes":""},"categories":[1],"tags":[],"class_list":["post-6471","post","type-post","status-publish","format-standard","hentry","category-manolo-garcia"],"_links":{"self":[{"href":"https:\/\/www.manologarciaycia.com\/index.php?rest_route=\/wp\/v2\/posts\/6471","targetHints":{"allow":["GET"]}}],"collection":[{"href":"https:\/\/www.manologarciaycia.com\/index.php?rest_route=\/wp\/v2\/posts"}],"about":[{"href":"https:\/\/www.manologarciaycia.com\/index.php?rest_route=\/wp\/v2\/types\/post"}],"author":[{"embeddable":true,"href":"https:\/\/www.manologarciaycia.com\/index.php?rest_route=\/wp\/v2\/users\/2"}],"replies":[{"embeddable":true,"href":"https:\/\/www.manologarciaycia.com\/index.php?rest_route=%2Fwp%2Fv2%2Fcomments&post=6471"}],"version-history":[{"count":2,"href":"https:\/\/www.manologarciaycia.com\/index.php?rest_route=\/wp\/v2\/posts\/6471\/revisions"}],"predecessor-version":[{"id":6473,"href":"https:\/\/www.manologarciaycia.com\/index.php?rest_route=\/wp\/v2\/posts\/6471\/revisions\/6473"}],"wp:attachment":[{"href":"https:\/\/www.manologarciaycia.com\/index.php?rest_route=%2Fwp%2Fv2%2Fmedia&parent=6471"}],"wp:term":[{"taxonomy":"category","embeddable":true,"href":"https:\/\/www.manologarciaycia.com\/index.php?rest_route=%2Fwp%2Fv2%2Fcategories&post=6471"},{"taxonomy":"post_tag","embeddable":true,"href":"https:\/\/www.manologarciaycia.com\/index.php?rest_route=%2Fwp%2Fv2%2Ftags&post=6471"}],"curies":[{"name":"wp","href":"https:\/\/api.w.org\/{rel}","templated":true}]}}