{"id":636,"date":"2010-05-23T08:55:12","date_gmt":"2010-05-23T07:55:12","guid":{"rendered":"http:\/\/petaos.net\/?p=636"},"modified":"2010-05-24T07:56:45","modified_gmt":"2010-05-24T06:56:45","slug":"carmen-fotografias-del-concierto-del-pasado-viernes-en-sitges","status":"publish","type":"post","link":"https:\/\/www.manologarciaycia.com\/?p=636","title":{"rendered":"Carmen: Fotografias y V\u00eddeos del concierto del pasado Viernes en Sitges"},"content":{"rendered":"<p>Vanecamaleaon (gracias!) nos deja este v\u00eddeo:<\/p>\n<p style=\"text-align: center;\"><object classid=\"clsid:d27cdb6e-ae6d-11cf-96b8-444553540000\" width=\"480\" height=\"385\" codebase=\"http:\/\/download.macromedia.com\/pub\/shockwave\/cabs\/flash\/swflash.cab#version=6,0,40,0\"><param name=\"allowFullScreen\" value=\"true\" \/><param name=\"allowscriptaccess\" value=\"always\" \/><param name=\"src\" value=\"http:\/\/www.youtube.com\/v\/xaRJ-jVCdvA&amp;hl=es_ES&amp;fs=1&amp;\" \/><param name=\"allowfullscreen\" value=\"true\" \/><embed type=\"application\/x-shockwave-flash\" width=\"480\" height=\"385\" src=\"http:\/\/www.youtube.com\/v\/xaRJ-jVCdvA&amp;hl=es_ES&amp;fs=1&amp;\" allowfullscreen=\"true\" allowscriptaccess=\"always\"><\/embed><\/object><\/p>\n<p>Theferdevil (gracias!) nos deja este otro video:<\/p>\n<p style=\"text-align: center;\"><object classid=\"clsid:d27cdb6e-ae6d-11cf-96b8-444553540000\" width=\"480\" height=\"385\" codebase=\"http:\/\/download.macromedia.com\/pub\/shockwave\/cabs\/flash\/swflash.cab#version=6,0,40,0\"><param name=\"allowFullScreen\" value=\"true\" \/><param name=\"allowscriptaccess\" value=\"always\" \/><param name=\"src\" value=\"http:\/\/www.youtube.com\/v\/IO_9JWS0QDI&amp;hl=es_ES&amp;fs=1&amp;\" \/><param name=\"allowfullscreen\" value=\"true\" \/><embed type=\"application\/x-shockwave-flash\" width=\"480\" height=\"385\" src=\"http:\/\/www.youtube.com\/v\/IO_9JWS0QDI&amp;hl=es_ES&amp;fs=1&amp;\" allowfullscreen=\"true\" allowscriptaccess=\"always\"><\/embed><\/object><\/p>\n<p>Y Vanessa (gracias!!!) ha subido a su Facebook unas cuantas fotos del concierto del viernes 21\/5\/10 de Carmen en Sitges, con la colaboraci\u00f3n de Manolo Garc\u00eda.<\/p>\n<p style=\"text-align: center;\"><img loading=\"lazy\" decoding=\"async\" class=\"aligncenter\" src=\"http:\/\/sphotos.ak.fbcdn.net\/hphotos-ak-snc3\/hs356.snc3\/29393_129338197081751_100000167142156_360302_483858_n.jpg\" alt=\"\" width=\"576\" height=\"386\" \/><\/p>\n<p>Visualiza el resto de fotos aqu\u00ed: <a href=\"http:\/\/es-es.facebook.com\/album.php?aid=23294&amp;id=100000167142156\" target=\"_blank\">Fotos en Facebook de Vanessa<\/a><\/p>\n","protected":false},"excerpt":{"rendered":"<p>Vanecamaleaon (gracias!) nos deja este v\u00eddeo: Theferdevil (gracias!) nos deja este otro video: Y Vanessa (gracias!!!) ha subido a su Facebook unas cuantas fotos del concierto del viernes 21\/5\/10 de Carmen en Sitges, con la colaboraci\u00f3n de Manolo Garc\u00eda. Visualiza el resto de fotos aqu\u00ed: Fotos en Facebook de Vanessa<a class=\"moretag\" href=\"https:\/\/www.manologarciaycia.com\/?p=636\" title=\"Carmen: Fotografias y V\u00eddeos del concierto del pasado Viernes en Sitges\" target=\"_self\" rel=\"follow\"> <font face=arial size=2>[Leer m\u00e1s]<\/font> <\/a><\/p>\n","protected":false},"author":2,"featured_media":0,"comment_status":"closed","ping_status":"closed","sticky":false,"template":"","format":"standard","meta":{"footnotes":""},"categories":[24,1],"tags":[108],"class_list":["post-636","post","type-post","status-publish","format-standard","hentry","category-carmen-garcia","category-manolo-garcia","tag-carmen-manolo-garcia-concierto-andreas-sitges"],"_links":{"self":[{"href":"https:\/\/www.manologarciaycia.com\/index.php?rest_route=\/wp\/v2\/posts\/636","targetHints":{"allow":["GET"]}}],"collection":[{"href":"https:\/\/www.manologarciaycia.com\/index.php?rest_route=\/wp\/v2\/posts"}],"about":[{"href":"https:\/\/www.manologarciaycia.com\/index.php?rest_route=\/wp\/v2\/types\/post"}],"author":[{"embeddable":true,"href":"https:\/\/www.manologarciaycia.com\/index.php?rest_route=\/wp\/v2\/users\/2"}],"replies":[{"embeddable":true,"href":"https:\/\/www.manologarciaycia.com\/index.php?rest_route=%2Fwp%2Fv2%2Fcomments&post=636"}],"version-history":[{"count":6,"href":"https:\/\/www.manologarciaycia.com\/index.php?rest_route=\/wp\/v2\/posts\/636\/revisions"}],"predecessor-version":[{"id":642,"href":"https:\/\/www.manologarciaycia.com\/index.php?rest_route=\/wp\/v2\/posts\/636\/revisions\/642"}],"wp:attachment":[{"href":"https:\/\/www.manologarciaycia.com\/index.php?rest_route=%2Fwp%2Fv2%2Fmedia&parent=636"}],"wp:term":[{"taxonomy":"category","embeddable":true,"href":"https:\/\/www.manologarciaycia.com\/index.php?rest_route=%2Fwp%2Fv2%2Fcategories&post=636"},{"taxonomy":"post_tag","embeddable":true,"href":"https:\/\/www.manologarciaycia.com\/index.php?rest_route=%2Fwp%2Fv2%2Ftags&post=636"}],"curies":[{"name":"wp","href":"https:\/\/api.w.org\/{rel}","templated":true}]}}