{"id":6151,"date":"2013-04-08T09:19:04","date_gmt":"2013-04-08T07:19:04","guid":{"rendered":"http:\/\/www.manologarciaycia.com\/?p=6151"},"modified":"2013-04-08T09:19:04","modified_gmt":"2013-04-08T07:19:04","slug":"mg-colaboro-para-salvar-la-sierra-de-moron","status":"publish","type":"post","link":"https:\/\/www.manologarciaycia.com\/?p=6151","title":{"rendered":"MG: Colabor\u00f3 para salvar la Sierra de Mor\u00f3n"},"content":{"rendered":"<p><img loading=\"lazy\" decoding=\"async\" src=\"https:\/\/fbcdn-sphotos-e-a.akamaihd.net\/hphotos-ak-prn1\/536634_118641778330950_734650165_n.jpg\" width=\"960\" height=\"720\" class=\"aligncenter\" \/><br \/>\nManolo Garc\u00eda en 2006 mostr\u00f3 su apoyo a la causa de Sierra Esparteros, salvar la sierra de Mor\u00f3n de la salvaje explotaci\u00f3n que sufre, pintando este bonito cuadro que tenemos expuesto en nuestra biblioteca municipal.<\/p>\n<p>Prometimos devolverselo cuando consigui\u00e9semos salvarla, ahora estamos muy cerca de conseguirlo,esperamos poder volver a contactar con \u00e9l alg\u00fan d\u00eda para este fin :)<\/p>\n<p>Esta es nuestra campa\u00f1a de recogida de firmas: <a href='http:\/\/www.change.org\/es\/peticiones\/junta-de-andaluc\u00eda-paren-la-destrucci\u00f3n-de-la-sierra-de-esparteros-mor\u00f3n-de-la-frontera' target=_new>ENLACE<\/a><\/p>\n","protected":false},"excerpt":{"rendered":"<p>Manolo Garc\u00eda en 2006 mostr\u00f3 su apoyo a la causa de Sierra Esparteros, salvar la sierra de Mor\u00f3n de la salvaje explotaci\u00f3n que sufre, pintando este bonito cuadro que tenemos expuesto en nuestra biblioteca municipal. Prometimos devolverselo cuando consigui\u00e9semos salvarla, ahora estamos muy cerca de conseguirlo,esperamos poder volver a contactar con \u00e9l alg\u00fan d\u00eda para<a class=\"moretag\" href=\"https:\/\/www.manologarciaycia.com\/?p=6151\" title=\"MG: Colabor\u00f3 para salvar la Sierra de Mor\u00f3n\" target=\"_self\" rel=\"follow\"> <font face=arial size=2>[Leer m\u00e1s]<\/font> <\/a><\/p>\n","protected":false},"author":2,"featured_media":0,"comment_status":"closed","ping_status":"closed","sticky":false,"template":"","format":"standard","meta":{"footnotes":""},"categories":[1,23],"tags":[],"class_list":["post-6151","post","type-post","status-publish","format-standard","hentry","category-manolo-garcia","category-otros"],"_links":{"self":[{"href":"https:\/\/www.manologarciaycia.com\/index.php?rest_route=\/wp\/v2\/posts\/6151","targetHints":{"allow":["GET"]}}],"collection":[{"href":"https:\/\/www.manologarciaycia.com\/index.php?rest_route=\/wp\/v2\/posts"}],"about":[{"href":"https:\/\/www.manologarciaycia.com\/index.php?rest_route=\/wp\/v2\/types\/post"}],"author":[{"embeddable":true,"href":"https:\/\/www.manologarciaycia.com\/index.php?rest_route=\/wp\/v2\/users\/2"}],"replies":[{"embeddable":true,"href":"https:\/\/www.manologarciaycia.com\/index.php?rest_route=%2Fwp%2Fv2%2Fcomments&post=6151"}],"version-history":[{"count":1,"href":"https:\/\/www.manologarciaycia.com\/index.php?rest_route=\/wp\/v2\/posts\/6151\/revisions"}],"predecessor-version":[{"id":6152,"href":"https:\/\/www.manologarciaycia.com\/index.php?rest_route=\/wp\/v2\/posts\/6151\/revisions\/6152"}],"wp:attachment":[{"href":"https:\/\/www.manologarciaycia.com\/index.php?rest_route=%2Fwp%2Fv2%2Fmedia&parent=6151"}],"wp:term":[{"taxonomy":"category","embeddable":true,"href":"https:\/\/www.manologarciaycia.com\/index.php?rest_route=%2Fwp%2Fv2%2Fcategories&post=6151"},{"taxonomy":"post_tag","embeddable":true,"href":"https:\/\/www.manologarciaycia.com\/index.php?rest_route=%2Fwp%2Fv2%2Ftags&post=6151"}],"curies":[{"name":"wp","href":"https:\/\/api.w.org\/{rel}","templated":true}]}}