{"id":6149,"date":"2013-04-08T09:15:53","date_gmt":"2013-04-08T07:15:53","guid":{"rendered":"http:\/\/www.manologarciaycia.com\/?p=6149"},"modified":"2013-04-08T09:15:53","modified_gmt":"2013-04-08T07:15:53","slug":"mg-a-la-venta-el-dvd-de-la-gala-afa","status":"publish","type":"post","link":"https:\/\/www.manologarciaycia.com\/?p=6149","title":{"rendered":"MG: A la venta el DVD de la gala AFA"},"content":{"rendered":"<p>Ya est\u00e1s disponibles los DVD de la gala ben\u00e9fica por la escuela AFA \u2018El l\u00edmite lo pones t\u00fa\u2019, que celebramos el pasado 15 de febrero en el Auditori de Cornell\u00e0. Tanto si vivisteis esta especial celebraci\u00f3n con nosotros como si os la perdisteis, ten\u00e9is la oportunidad de disfrutar del v\u00eddeo de la gala, que recoge los mejores momentos de la noche y hace un repaso de las actuaciones de Manolo Garc\u00eda, La Pegatina, Marc Parrot, Alma Simonne, Saraband, Clara Peya i Alessio Arena.<\/p>\n<p><a href='http:\/\/unes.cat\/es\/dvd-de-la-gala-per-lescola-afa-i-sorteig-de-regals-exclusius\/' targeT=_new>Enlace<\/A><\/p>\n","protected":false},"excerpt":{"rendered":"<p>Ya est\u00e1s disponibles los DVD de la gala ben\u00e9fica por la escuela AFA \u2018El l\u00edmite lo pones t\u00fa\u2019, que celebramos el pasado 15 de febrero en el Auditori de Cornell\u00e0. Tanto si vivisteis esta especial celebraci\u00f3n con nosotros como si os la perdisteis, ten\u00e9is la oportunidad de disfrutar del v\u00eddeo de la gala, que recoge<a class=\"moretag\" href=\"https:\/\/www.manologarciaycia.com\/?p=6149\" title=\"MG: A la venta el DVD de la gala AFA\" target=\"_self\" rel=\"follow\"> <font face=arial size=2>[Leer m\u00e1s]<\/font> <\/a><\/p>\n","protected":false},"author":2,"featured_media":0,"comment_status":"closed","ping_status":"closed","sticky":false,"template":"","format":"standard","meta":{"footnotes":""},"categories":[1,23],"tags":[],"class_list":["post-6149","post","type-post","status-publish","format-standard","hentry","category-manolo-garcia","category-otros"],"_links":{"self":[{"href":"https:\/\/www.manologarciaycia.com\/index.php?rest_route=\/wp\/v2\/posts\/6149","targetHints":{"allow":["GET"]}}],"collection":[{"href":"https:\/\/www.manologarciaycia.com\/index.php?rest_route=\/wp\/v2\/posts"}],"about":[{"href":"https:\/\/www.manologarciaycia.com\/index.php?rest_route=\/wp\/v2\/types\/post"}],"author":[{"embeddable":true,"href":"https:\/\/www.manologarciaycia.com\/index.php?rest_route=\/wp\/v2\/users\/2"}],"replies":[{"embeddable":true,"href":"https:\/\/www.manologarciaycia.com\/index.php?rest_route=%2Fwp%2Fv2%2Fcomments&post=6149"}],"version-history":[{"count":1,"href":"https:\/\/www.manologarciaycia.com\/index.php?rest_route=\/wp\/v2\/posts\/6149\/revisions"}],"predecessor-version":[{"id":6150,"href":"https:\/\/www.manologarciaycia.com\/index.php?rest_route=\/wp\/v2\/posts\/6149\/revisions\/6150"}],"wp:attachment":[{"href":"https:\/\/www.manologarciaycia.com\/index.php?rest_route=%2Fwp%2Fv2%2Fmedia&parent=6149"}],"wp:term":[{"taxonomy":"category","embeddable":true,"href":"https:\/\/www.manologarciaycia.com\/index.php?rest_route=%2Fwp%2Fv2%2Fcategories&post=6149"},{"taxonomy":"post_tag","embeddable":true,"href":"https:\/\/www.manologarciaycia.com\/index.php?rest_route=%2Fwp%2Fv2%2Ftags&post=6149"}],"curies":[{"name":"wp","href":"https:\/\/api.w.org\/{rel}","templated":true}]}}