{"id":6123,"date":"2013-03-26T16:20:32","date_gmt":"2013-03-26T15:20:32","guid":{"rendered":"http:\/\/www.manologarciaycia.com\/?p=6123"},"modified":"2013-03-26T20:34:01","modified_gmt":"2013-03-26T19:34:01","slug":"maine-coon-primer-concierto-confirmado","status":"publish","type":"post","link":"https:\/\/www.manologarciaycia.com\/?p=6123","title":{"rendered":"Maine Coon: Lanzamiento de \u00abSubiendo a los tejados\u00bb 23 Abril"},"content":{"rendered":"<p style=\"text-align: center;\"><strong>23 DE ABRIL A LA VENTA &#8211; MAINE COON: Carmen Garc\u00eda &amp; Andreas Br\u00e4unig<\/strong><\/p>\n<p style=\"text-align: center;\"><strong><\/strong><br \/>\n<strong>NUEVO DISCO \u00abSUBIENDO A LOS TEJADOS\u00bb &#8211; INCLUYE UN ESCRITO &#8211; ENSAYO<\/strong><\/p>\n<p style=\"text-align: center;\"><img loading=\"lazy\" decoding=\"async\" class=\"aligncenter size-full wp-image-6124\" alt=\"Maine Coon\" src=\"http:\/\/www.manologarciaycia.com\/wp-content\/uploads\/2013\/03\/Maine-Coon.jpg\" width=\"659\" height=\"675\" srcset=\"https:\/\/www.manologarciaycia.com\/wp-content\/uploads\/2013\/03\/Maine-Coon.jpg 659w, https:\/\/www.manologarciaycia.com\/wp-content\/uploads\/2013\/03\/Maine-Coon-292x300.jpg 292w\" sizes=\"auto, (max-width: 659px) 100vw, 659px\" \/><\/p>\n<p>Coincidiendo con el d\u00eda del libro, Carmen y Andreas que son conocidos por sus buenas canciones y sus directos llenos de fuerza y precisi\u00f3n, nos presentan ahora su nuevo proyecto, Maine Coon.<\/p>\n<p>\u00abSubiendo a los tejados\u00bb es un disco d\u00f3nde la m\u00fasica y las magn\u00edficas letras te envuelven y te transportan.<\/p>\n<p>Carmen ha inclu\u00eddo en este cd un peque\u00f1o escrito-ensayo. Con pensamientos, reflexiones y paranoias personales, su ensayo ha sabido plasmar de una forma alegre y po\u00e9tica lo que a veces todos pensamos; haci\u00e9ndote sentir reflejado conforme te adentras en su lectura.<\/p>\n<p>El \u00e1lbum re\u00fane 10 temas. La producci\u00f3n ha corrido a cargo de Andreas Br\u00e4unig.<\/p>\n<p style=\"text-align: left;\">El d\u00eda 10 de mayo har\u00e1n su primer concierto en San Cugat del Vall\u00e9s. Toda la informaci\u00f3n en:<\/p>\n<p style=\"text-align: center;\"><a href=\"http:\/\/www.carmengarcia.net\" target=\"_new\">http:\/\/www.carmengarcia.net<\/a><\/p>\n<p><center><img loading=\"lazy\" decoding=\"async\" alt=\"MainePortada\" src=\"http:\/\/www.manologarciaycia.com\/wp-content\/uploads\/2013\/03\/MainePortada.jpg\" width=\"209\" height=\"215\" \/><img loading=\"lazy\" decoding=\"async\" alt=\"MaineContraportada\" src=\"http:\/\/www.manologarciaycia.com\/wp-content\/uploads\/2013\/03\/MaineContraportada.jpg\" width=\"208\" height=\"215\" \/><\/center><\/p>\n<p style=\"text-align: center;\"><strong><span style=\"font-size: 1em;\"><span style=\"text-decoration: underline;\">Conciertos:<\/span><br \/>\n&#8211; 10 de mayo a la(s) 21:00 en Sala Vest\u00edbul del Teatre-Auditori Sant Cugat<br \/>\n&#8211; 11 de mayo\u00a0a la(s)\u00a023:00 en\u00a0La Cava Del Retiro\u00a0en\u00a0Sitges<\/span><\/strong><\/p>\n","protected":false},"excerpt":{"rendered":"<p>23 DE ABRIL A LA VENTA &#8211; MAINE COON: Carmen Garc\u00eda &amp; Andreas Br\u00e4unig NUEVO DISCO \u00abSUBIENDO A LOS TEJADOS\u00bb &#8211; INCLUYE UN ESCRITO &#8211; ENSAYO Coincidiendo con el d\u00eda del libro, Carmen y Andreas que son conocidos por sus buenas canciones y sus directos llenos de fuerza y precisi\u00f3n, nos presentan ahora su nuevo<a class=\"moretag\" href=\"https:\/\/www.manologarciaycia.com\/?p=6123\" title=\"Maine Coon: Lanzamiento de \u00abSubiendo a los tejados\u00bb 23 Abril\" target=\"_self\" rel=\"follow\"> <font face=arial size=2>[Leer m\u00e1s]<\/font> <\/a><\/p>\n","protected":false},"author":2,"featured_media":0,"comment_status":"closed","ping_status":"closed","sticky":false,"template":"","format":"standard","meta":{"footnotes":""},"categories":[24],"tags":[],"class_list":["post-6123","post","type-post","status-publish","format-standard","hentry","category-carmen-garcia"],"_links":{"self":[{"href":"https:\/\/www.manologarciaycia.com\/index.php?rest_route=\/wp\/v2\/posts\/6123","targetHints":{"allow":["GET"]}}],"collection":[{"href":"https:\/\/www.manologarciaycia.com\/index.php?rest_route=\/wp\/v2\/posts"}],"about":[{"href":"https:\/\/www.manologarciaycia.com\/index.php?rest_route=\/wp\/v2\/types\/post"}],"author":[{"embeddable":true,"href":"https:\/\/www.manologarciaycia.com\/index.php?rest_route=\/wp\/v2\/users\/2"}],"replies":[{"embeddable":true,"href":"https:\/\/www.manologarciaycia.com\/index.php?rest_route=%2Fwp%2Fv2%2Fcomments&post=6123"}],"version-history":[{"count":5,"href":"https:\/\/www.manologarciaycia.com\/index.php?rest_route=\/wp\/v2\/posts\/6123\/revisions"}],"predecessor-version":[{"id":6128,"href":"https:\/\/www.manologarciaycia.com\/index.php?rest_route=\/wp\/v2\/posts\/6123\/revisions\/6128"}],"wp:attachment":[{"href":"https:\/\/www.manologarciaycia.com\/index.php?rest_route=%2Fwp%2Fv2%2Fmedia&parent=6123"}],"wp:term":[{"taxonomy":"category","embeddable":true,"href":"https:\/\/www.manologarciaycia.com\/index.php?rest_route=%2Fwp%2Fv2%2Fcategories&post=6123"},{"taxonomy":"post_tag","embeddable":true,"href":"https:\/\/www.manologarciaycia.com\/index.php?rest_route=%2Fwp%2Fv2%2Ftags&post=6123"}],"curies":[{"name":"wp","href":"https:\/\/api.w.org\/{rel}","templated":true}]}}