{"id":6101,"date":"2013-03-24T06:35:34","date_gmt":"2013-03-24T05:35:34","guid":{"rendered":"http:\/\/www.manologarciaycia.com\/?p=6101"},"modified":"2013-03-24T06:38:57","modified_gmt":"2013-03-24T05:38:57","slug":"antonella-nuevas-fechas","status":"publish","type":"post","link":"https:\/\/www.manologarciaycia.com\/?p=6101","title":{"rendered":"ANTONELLA: Nuevas fechas"},"content":{"rendered":"<p><img loading=\"lazy\" decoding=\"async\" class=\"alignleft\" alt=\"\" src=\"https:\/\/fbcdn-sphotos-a-a.akamaihd.net\/hphotos-ak-ash3\/p480x480\/625438_504187146283860_1729660301_n.jpg\" width=\"480\" height=\"480\" \/><\/p>\n<p><strong><span style=\"text-decoration: underline;\">Pr\u00f3ximos conciertos:<\/span><\/strong><\/p>\n<p>29-Marzo-FORMIGAL (Huesca) con RAMOS &amp; MAR\u00cdN<\/p>\n<p>05-Abril-F\u00d6EHN (Madrid)<\/p>\n<p>16-Agosto-URREA DE GA\u00c9N (Teruel) con MILENIUM<\/p>\n<p>Enlace a su Facebook: <a href=\"https:\/\/www.facebook.com\/antonella.group\" target=\"_blank\">https:\/\/www.facebook.com\/antonella.group<\/a><\/p>\n","protected":false},"excerpt":{"rendered":"<p>Pr\u00f3ximos conciertos: 29-Marzo-FORMIGAL (Huesca) con RAMOS &amp; MAR\u00cdN 05-Abril-F\u00d6EHN (Madrid) 16-Agosto-URREA DE GA\u00c9N (Teruel) con MILENIUM Enlace a su Facebook: https:\/\/www.facebook.com\/antonella.group<a class=\"moretag\" href=\"https:\/\/www.manologarciaycia.com\/?p=6101\" title=\"ANTONELLA: Nuevas fechas\" target=\"_self\" rel=\"follow\"> <font face=arial size=2>[Leer m\u00e1s]<\/font> <\/a><\/p>\n","protected":false},"author":2,"featured_media":0,"comment_status":"closed","ping_status":"closed","sticky":false,"template":"","format":"standard","meta":{"footnotes":""},"categories":[23],"tags":[],"class_list":["post-6101","post","type-post","status-publish","format-standard","hentry","category-otros"],"_links":{"self":[{"href":"https:\/\/www.manologarciaycia.com\/index.php?rest_route=\/wp\/v2\/posts\/6101","targetHints":{"allow":["GET"]}}],"collection":[{"href":"https:\/\/www.manologarciaycia.com\/index.php?rest_route=\/wp\/v2\/posts"}],"about":[{"href":"https:\/\/www.manologarciaycia.com\/index.php?rest_route=\/wp\/v2\/types\/post"}],"author":[{"embeddable":true,"href":"https:\/\/www.manologarciaycia.com\/index.php?rest_route=\/wp\/v2\/users\/2"}],"replies":[{"embeddable":true,"href":"https:\/\/www.manologarciaycia.com\/index.php?rest_route=%2Fwp%2Fv2%2Fcomments&post=6101"}],"version-history":[{"count":4,"href":"https:\/\/www.manologarciaycia.com\/index.php?rest_route=\/wp\/v2\/posts\/6101\/revisions"}],"predecessor-version":[{"id":6105,"href":"https:\/\/www.manologarciaycia.com\/index.php?rest_route=\/wp\/v2\/posts\/6101\/revisions\/6105"}],"wp:attachment":[{"href":"https:\/\/www.manologarciaycia.com\/index.php?rest_route=%2Fwp%2Fv2%2Fmedia&parent=6101"}],"wp:term":[{"taxonomy":"category","embeddable":true,"href":"https:\/\/www.manologarciaycia.com\/index.php?rest_route=%2Fwp%2Fv2%2Fcategories&post=6101"},{"taxonomy":"post_tag","embeddable":true,"href":"https:\/\/www.manologarciaycia.com\/index.php?rest_route=%2Fwp%2Fv2%2Ftags&post=6101"}],"curies":[{"name":"wp","href":"https:\/\/api.w.org\/{rel}","templated":true}]}}