{"id":605,"date":"2010-05-12T10:50:49","date_gmt":"2010-05-12T09:50:49","guid":{"rendered":"http:\/\/petaos.net\/?p=605"},"modified":"2010-05-12T10:50:49","modified_gmt":"2010-05-12T09:50:49","slug":"rtve-%c2%a1viva-antonio-en-la-2","status":"publish","type":"post","link":"https:\/\/www.manologarciaycia.com\/?p=605","title":{"rendered":"RTVE: \u00a1Viva Antonio! en La 2"},"content":{"rendered":"<p style=\"text-align: center;\"><object classid=\"clsid:d27cdb6e-ae6d-11cf-96b8-444553540000\" width=\"640\" height=\"385\" codebase=\"http:\/\/download.macromedia.com\/pub\/shockwave\/cabs\/flash\/swflash.cab#version=6,0,40,0\"><param name=\"allowFullScreen\" value=\"true\" \/><param name=\"allowscriptaccess\" value=\"always\" \/><param name=\"src\" value=\"http:\/\/www.youtube.com\/v\/rL_Ihd2qyoY&amp;hl=es_ES&amp;fs=1&amp;\" \/><param name=\"allowfullscreen\" value=\"true\" \/><embed type=\"application\/x-shockwave-flash\" width=\"640\" height=\"385\" src=\"http:\/\/www.youtube.com\/v\/rL_Ihd2qyoY&amp;hl=es_ES&amp;fs=1&amp;\" allowfullscreen=\"true\" allowscriptaccess=\"always\"><\/embed><\/object><\/p>\n<p>Concierto homenaje a Antonio Vega, m\u00e1s de una veintena de grandes artistas rinden tributo a uno de los grandes del pop espa\u00f1ol. \u00a1Viva Antonio!, el mi\u00e9rcoles a las 22h30&#8242; en La 2 de TVE. Fuente: RTVE.<\/p>\n<p>Actualizaci\u00f3n 12\/5\/2010: En la web de RTVE, apartado Televisi\u00f3n -&gt; Programaci\u00f3n, dicen que hoy mi\u00e9rcoles 12\/5\/10 dar\u00e1n Cine Espa\u00f1ol (Cleopatra), que ya dieron ayer. Y si miramos qu\u00e9 dan ma\u00f1ana pone Concierto No disparen al Pianista, que emiten como homenaje a la carrera del m\u00fasico Antonio Vega, el \u00faltimo concierto de la gira \u00bbReiniciando\u00bb, de Nacha Pop, que se celebr\u00f3 el 26 de octubre de 2007 en el Palacio de los Deportes de Madrid y que supuso la vuelta a los escenarios del m\u00edtico grupo \u00bf?\u00bf?<\/p>\n","protected":false},"excerpt":{"rendered":"<p>Concierto homenaje a Antonio Vega, m\u00e1s de una veintena de grandes artistas rinden tributo a uno de los grandes del pop espa\u00f1ol. \u00a1Viva Antonio!, el mi\u00e9rcoles a las 22h30&#8242; en La 2 de TVE. Fuente: RTVE. Actualizaci\u00f3n 12\/5\/2010: En la web de RTVE, apartado Televisi\u00f3n -&gt; Programaci\u00f3n, dicen que hoy mi\u00e9rcoles 12\/5\/10 dar\u00e1n Cine Espa\u00f1ol<a class=\"moretag\" href=\"https:\/\/www.manologarciaycia.com\/?p=605\" title=\"RTVE: \u00a1Viva Antonio! en La 2\" target=\"_self\" rel=\"follow\"> <font face=arial size=2>[Leer m\u00e1s]<\/font> <\/a><\/p>\n","protected":false},"author":2,"featured_media":0,"comment_status":"closed","ping_status":"closed","sticky":false,"template":"","format":"standard","meta":{"footnotes":""},"categories":[1],"tags":[],"class_list":["post-605","post","type-post","status-publish","format-standard","hentry","category-manolo-garcia"],"_links":{"self":[{"href":"https:\/\/www.manologarciaycia.com\/index.php?rest_route=\/wp\/v2\/posts\/605","targetHints":{"allow":["GET"]}}],"collection":[{"href":"https:\/\/www.manologarciaycia.com\/index.php?rest_route=\/wp\/v2\/posts"}],"about":[{"href":"https:\/\/www.manologarciaycia.com\/index.php?rest_route=\/wp\/v2\/types\/post"}],"author":[{"embeddable":true,"href":"https:\/\/www.manologarciaycia.com\/index.php?rest_route=\/wp\/v2\/users\/2"}],"replies":[{"embeddable":true,"href":"https:\/\/www.manologarciaycia.com\/index.php?rest_route=%2Fwp%2Fv2%2Fcomments&post=605"}],"version-history":[{"count":1,"href":"https:\/\/www.manologarciaycia.com\/index.php?rest_route=\/wp\/v2\/posts\/605\/revisions"}],"predecessor-version":[{"id":606,"href":"https:\/\/www.manologarciaycia.com\/index.php?rest_route=\/wp\/v2\/posts\/605\/revisions\/606"}],"wp:attachment":[{"href":"https:\/\/www.manologarciaycia.com\/index.php?rest_route=%2Fwp%2Fv2%2Fmedia&parent=605"}],"wp:term":[{"taxonomy":"category","embeddable":true,"href":"https:\/\/www.manologarciaycia.com\/index.php?rest_route=%2Fwp%2Fv2%2Fcategories&post=605"},{"taxonomy":"post_tag","embeddable":true,"href":"https:\/\/www.manologarciaycia.com\/index.php?rest_route=%2Fwp%2Fv2%2Ftags&post=605"}],"curies":[{"name":"wp","href":"https:\/\/api.w.org\/{rel}","templated":true}]}}