{"id":5973,"date":"2013-03-11T09:12:49","date_gmt":"2013-03-11T08:12:49","guid":{"rendered":"http:\/\/www.manologarciaycia.com\/?p=5973"},"modified":"2013-03-11T09:12:49","modified_gmt":"2013-03-11T08:12:49","slug":"qp-premi-enderrock-de-la-critica-para-quimi-portet","status":"publish","type":"post","link":"https:\/\/www.manologarciaycia.com\/?p=5973","title":{"rendered":"QP: Premi Enderrock de la cr\u00edtica para Quimi Portet"},"content":{"rendered":"<p><center><iframe loading=\"lazy\" id=\"iframe_chapter\" src=\"http:\/\/el9tv.xiptv.cat\/embed\/82770?iframe_width=652&amp;share=&amp;iframe_height=400&amp;height=354&amp;width=630\" name=\"iframe_chapter\" width=\"652\" height=\"354\" frameborder=\"0\" scrolling=\"no\"><\/iframe><\/center><\/p>\n<p>Han estat guardonats per la cr\u00edtica, pel millor disc de can\u00e7\u00f3 d&#8217;autor i com a grup revelaci\u00f3, respectivament. El certamen encara no ha acabat. Un cop coneguda l&#8217;opini\u00f3 dels professionals respecte a la producci\u00f3 musical del 2012 a Catalunya, ara s&#8217;estan recollint les votacions del p\u00fablic. Portet va publicar el 2012 el seu vuit\u00e8 disc en solitari \u201cOh my love\u201d. Segons ha explicat el m\u00fasic vigat\u00e0 trav\u00e9s de la revista organitzadora del concurs, li fa molta il\u00b7lusi\u00f3 rebre aquest reconeixement. <\/p>\n<p>Entre els premiats per la cr\u00edtica musical en el certamen tamb\u00e9 hi ha Txarango, com a millor grup revelaci\u00f3 del 2012. L&#8217;any passat va ser molt intens pel grup, que t\u00e9 integrants d&#8217;Osona, el Ripoll\u00e8s, la Garrotxa i el Bergued\u00e0. Pel febrer estrenaven el seu primer treball, \u201cBenvinguts al llarg viatge\u201d, oferint-lo gratu\u00eftament a la xarxa. I en els \u00faltims mesos han trepitjat incomptables escenaris en concerts sempre multitudinaris. La cr\u00edtica dels premis Enderrock ha situat Roger Mas i la Cobla Sant Jordi com a millor disc de l&#8217;any, encap\u00e7alant un r\u00e0nquing que formen 50 treballs. Mishima, per \u201cL&#8217;amor feli\u00e7\u201d, i The New Raemon, amb \u201cTinieblas por fin\u201d, s&#8217;enduen el reconeixement als millors discos de pop, en catal\u00e0 i castell\u00e0 , i S\u00edlvia P\u00e9rez Cruz rep el premi com a millor artista.<\/p>\n<p> noticia en Castellano.<br \/>\nHan sido galardonados por la cr\u00edtica, por el mejor disco de canci\u00f3n de autor y como grupo revelaci\u00f3n, respectivamente. El certamen a\u00fan no ha terminado. Una vez conocida la opini\u00f3n de los profesionales respecto a la producci\u00f3n musical del 2012 en Catalu\u00f1a, ahora se est\u00e1n recogiendo las votaciones del p\u00fablico. Portet public\u00f3 en 2012 su octavo disco en solitario \u00abOh my love\u00bb. Seg\u00fan ha explicado el m\u00fasico Vic trav\u00e9s de la revista organizadora del concurso, le hace mucha ilusi\u00f3n recibir este reconocimiento. <\/p>\n<p>Entre los premiados por la cr\u00edtica musical en el certamen tambi\u00e9n hay Txarango, como mejor grupo revelaci\u00f3n del 2012. El a\u00f1o pasado fue muy intenso por el grupo, que tiene integrantes de Osona, el Ripoll\u00e8s, la Garrotxa y el Bergued\u00e0. En febrero estrenaban su primer trabajo, \u00abBienvenidos al largo viaje\u00bb, ofreci\u00e9ndolo gratuitamente en la red. Y en los \u00faltimos meses han pisado incontables escenarios en conciertos siempre multitudinarios. La cr\u00edtica de los premios Enderrock ha situado Roger Mas y la Cobla Sant Jordi como mejor disco del a\u00f1o, encabezando un ranking que forman 50 trabajos. Mishima, por \u00abEl amor feliz\u00bb, y The New Raemon, con \u00abTinieblas por fin\u00bb, se llevan el reconocimiento a los mejores discos de pop, en catal\u00e1n y castellano, y S\u00edlvia P\u00e9rez Cruz recibe el premio como mejor artista.<\/p>\n<p>Fuente: El 9 Nou &#8211; <a href='http:\/\/www.el9nou.cat\/noticia_o_0\/28453' targeT=_new>Enlace<\/a><\/p>\n","protected":false},"excerpt":{"rendered":"<p>Han estat guardonats per la cr\u00edtica, pel millor disc de can\u00e7\u00f3 d&#8217;autor i com a grup revelaci\u00f3, respectivament. El certamen encara no ha acabat. Un cop coneguda l&#8217;opini\u00f3 dels professionals respecte a la producci\u00f3 musical del 2012 a Catalunya, ara s&#8217;estan recollint les votacions del p\u00fablic. Portet va publicar el 2012 el seu vuit\u00e8 disc<a class=\"moretag\" href=\"https:\/\/www.manologarciaycia.com\/?p=5973\" title=\"QP: Premi Enderrock de la cr\u00edtica para Quimi Portet\" target=\"_self\" rel=\"follow\"> <font face=arial size=2>[Leer m\u00e1s]<\/font> <\/a><\/p>\n","protected":false},"author":2,"featured_media":0,"comment_status":"closed","ping_status":"closed","sticky":false,"template":"","format":"standard","meta":{"footnotes":""},"categories":[9],"tags":[],"class_list":["post-5973","post","type-post","status-publish","format-standard","hentry","category-qumi-portet"],"_links":{"self":[{"href":"https:\/\/www.manologarciaycia.com\/index.php?rest_route=\/wp\/v2\/posts\/5973","targetHints":{"allow":["GET"]}}],"collection":[{"href":"https:\/\/www.manologarciaycia.com\/index.php?rest_route=\/wp\/v2\/posts"}],"about":[{"href":"https:\/\/www.manologarciaycia.com\/index.php?rest_route=\/wp\/v2\/types\/post"}],"author":[{"embeddable":true,"href":"https:\/\/www.manologarciaycia.com\/index.php?rest_route=\/wp\/v2\/users\/2"}],"replies":[{"embeddable":true,"href":"https:\/\/www.manologarciaycia.com\/index.php?rest_route=%2Fwp%2Fv2%2Fcomments&post=5973"}],"version-history":[{"count":1,"href":"https:\/\/www.manologarciaycia.com\/index.php?rest_route=\/wp\/v2\/posts\/5973\/revisions"}],"predecessor-version":[{"id":5974,"href":"https:\/\/www.manologarciaycia.com\/index.php?rest_route=\/wp\/v2\/posts\/5973\/revisions\/5974"}],"wp:attachment":[{"href":"https:\/\/www.manologarciaycia.com\/index.php?rest_route=%2Fwp%2Fv2%2Fmedia&parent=5973"}],"wp:term":[{"taxonomy":"category","embeddable":true,"href":"https:\/\/www.manologarciaycia.com\/index.php?rest_route=%2Fwp%2Fv2%2Fcategories&post=5973"},{"taxonomy":"post_tag","embeddable":true,"href":"https:\/\/www.manologarciaycia.com\/index.php?rest_route=%2Fwp%2Fv2%2Ftags&post=5973"}],"curies":[{"name":"wp","href":"https:\/\/api.w.org\/{rel}","templated":true}]}}