{"id":5937,"date":"2013-02-23T20:28:59","date_gmt":"2013-02-23T19:28:59","guid":{"rendered":"http:\/\/www.manologarciaycia.com\/?p=5937"},"modified":"2013-02-23T20:28:59","modified_gmt":"2013-02-23T19:28:59","slug":"mg-voces-pintadas-en-el-patio-herreriano","status":"publish","type":"post","link":"https:\/\/www.manologarciaycia.com\/?p=5937","title":{"rendered":"MG: &#8216;Voces&#8217; pintadas en el Patio Herreriano"},"content":{"rendered":"<p>El Museo Patio Herreriano de Valladolid acoge hasta el pr\u00f3ximo 24 junio, la exposici\u00f3n &#8216;Voces que pintan&#8217;, organizada en colaboraci\u00f3n con el festival Valladolid Latino, cuya s\u00e9ptima edici\u00f3n se celebrar\u00e1 el pr\u00f3ximo 7 de julio en la Feria de Valladolid. La muestra re\u00fane la obra pict\u00f3rica y los dibujos de m\u00fasicos como Alejandro Sanz, Ana Torroja, Miguel Bos\u00e9, Manolo Garc\u00eda, Mikel Erentxun, Aute, Leire Mart\u00ednez, Sole Gim\u00e9nez, Lolita, Fito Cabrales, David Bustamante o El Bicho, entre otros. En la presentaci\u00f3n de la exposici\u00f3n, el alcalde de Valladolid, Francisco Javier Le\u00f3n de la Riva, estuvo acompa\u00f1ado por la solista de La Oreja de Van Gogh, Leire Mart\u00ednez. La muestra tiene fines solidarios y tras su paso por Valladolid podr\u00e1 contemplarse en Madrid.<\/p>\n<p>Los artistas participantes han cedido gratuitamente sus obras a la ONG &#8216;Voces&#8217;, comprometida en la lucha contra la pobreza infantil, con el objetivo de recaudar fondos para los proyectos de cooperaci\u00f3n de dicha entidad. &#8216;Voces&#8217; es una organizaci\u00f3n que lucha contra la pobreza que afecta especialmente a la infancia, con la fuerza transformadora del arte y la cultura, llevando a cabo proyectos de sensibilizaci\u00f3n y de cooperaci\u00f3n al desarrollo en Espa\u00f1a y en pa\u00edses en v\u00edas de desarrollo. En esta ocasi\u00f3n, la ONG se suma a la iniciativa &#8216;Luces para aprender&#8217;, el proyecto de la OEI que llevar\u00e1 luz e internet a 60.000 escuelas de Iberoam\u00e9rica. A dicho proyecto ir\u00e1n destinados los beneficios que se obtengan de las actividades que se realicen para recaudar fondos en el marco de la exposici\u00f3n.<\/p>\n<p>Pincha en el <a hreF='http:\/\/www.elmundo.es\/elmundo\/2012\/06\/13\/valladolid\/1339600020.html' target=_new>ENLACE<\/a> para ver el v\u00eddeo (Manolo Garc\u00eda en el 0:39). Fuente: El Mundo &#8211; <a hreF='http:\/\/www.elmundo.es\/elmundo\/2012\/06\/13\/valladolid\/1339600020.html' target=_new>ENLACE<\/a><\/p>\n","protected":false},"excerpt":{"rendered":"<p>El Museo Patio Herreriano de Valladolid acoge hasta el pr\u00f3ximo 24 junio, la exposici\u00f3n &#8216;Voces que pintan&#8217;, organizada en colaboraci\u00f3n con el festival Valladolid Latino, cuya s\u00e9ptima edici\u00f3n se celebrar\u00e1 el pr\u00f3ximo 7 de julio en la Feria de Valladolid. La muestra re\u00fane la obra pict\u00f3rica y los dibujos de m\u00fasicos como Alejandro Sanz, Ana<a class=\"moretag\" href=\"https:\/\/www.manologarciaycia.com\/?p=5937\" title=\"MG: &#8216;Voces&#8217; pintadas en el Patio Herreriano\" target=\"_self\" rel=\"follow\"> <font face=arial size=2>[Leer m\u00e1s]<\/font> <\/a><\/p>\n","protected":false},"author":2,"featured_media":0,"comment_status":"closed","ping_status":"closed","sticky":false,"template":"","format":"standard","meta":{"footnotes":""},"categories":[1],"tags":[],"class_list":["post-5937","post","type-post","status-publish","format-standard","hentry","category-manolo-garcia"],"_links":{"self":[{"href":"https:\/\/www.manologarciaycia.com\/index.php?rest_route=\/wp\/v2\/posts\/5937","targetHints":{"allow":["GET"]}}],"collection":[{"href":"https:\/\/www.manologarciaycia.com\/index.php?rest_route=\/wp\/v2\/posts"}],"about":[{"href":"https:\/\/www.manologarciaycia.com\/index.php?rest_route=\/wp\/v2\/types\/post"}],"author":[{"embeddable":true,"href":"https:\/\/www.manologarciaycia.com\/index.php?rest_route=\/wp\/v2\/users\/2"}],"replies":[{"embeddable":true,"href":"https:\/\/www.manologarciaycia.com\/index.php?rest_route=%2Fwp%2Fv2%2Fcomments&post=5937"}],"version-history":[{"count":1,"href":"https:\/\/www.manologarciaycia.com\/index.php?rest_route=\/wp\/v2\/posts\/5937\/revisions"}],"predecessor-version":[{"id":5938,"href":"https:\/\/www.manologarciaycia.com\/index.php?rest_route=\/wp\/v2\/posts\/5937\/revisions\/5938"}],"wp:attachment":[{"href":"https:\/\/www.manologarciaycia.com\/index.php?rest_route=%2Fwp%2Fv2%2Fmedia&parent=5937"}],"wp:term":[{"taxonomy":"category","embeddable":true,"href":"https:\/\/www.manologarciaycia.com\/index.php?rest_route=%2Fwp%2Fv2%2Fcategories&post=5937"},{"taxonomy":"post_tag","embeddable":true,"href":"https:\/\/www.manologarciaycia.com\/index.php?rest_route=%2Fwp%2Fv2%2Ftags&post=5937"}],"curies":[{"name":"wp","href":"https:\/\/api.w.org\/{rel}","templated":true}]}}