{"id":5918,"date":"2013-02-20T10:22:47","date_gmt":"2013-02-20T09:22:47","guid":{"rendered":"http:\/\/www.manologarciaycia.com\/?p=5918"},"modified":"2013-02-20T13:08:01","modified_gmt":"2013-02-20T12:08:01","slug":"mg-colaboracion-con-voces-para-la-conciencia-y-el-desarrollo","status":"publish","type":"post","link":"https:\/\/www.manologarciaycia.com\/?p=5918","title":{"rendered":"MG: Colaboraci\u00f3n con \u00abVoces para la conciencia y el desarrollo\u00bb"},"content":{"rendered":"<div class=\"gallery\" id=\"gallery-pobreza\">\n<div class=\"gallery-item\"><a href=\"https:\/\/fbcdn-sphotos-f-a.akamaihd.net\/hphotos-ak-ash4\/421870_319548964814383_287724749_n.jpg\"><img loading=\"lazy\" decoding=\"async\" class=\"attachment-thumbnail\" style=\"text-align: center; border: 2px solid grey; margin: 4px 4px;\" alt=\"\" src=\"https:\/\/fbcdn-sphotos-f-a.akamaihd.net\/hphotos-ak-ash4\/421870_319548964814383_287724749_n.jpg\" width=\"302\" height=\"476\" align=\"left\" \/><\/a><\/div>\n<\/div>\n<p>Manolo Garc\u00eda pinta para \u00abVoces para la conciencia y el desarrollo\u00bb &#8211;\u00a0<a href=\"http:\/\/www.facebook.com\/l.php?u=http%3A%2F%2Fwww.voces.org.es%2F&amp;h=fAQFYVShJ&amp;s=1\" target=\"_blank\" rel=\"nofollow nofollow\">http:\/\/www.voces.org.es\/<\/a>\u00a0&#8211; cuyo presidente es Antonio Orozco.<\/p>\n<p>En su Flickr (<a href=\"http:\/\/www.flickr.com\/photos\/voces\/with\/8470048841\/#photo_8470048841\" target=\"_blank\">ENLACE<\/a>) tienes m\u00e1s aportaciones.<\/p>\n<p>Noticias relacionadas que ya publicamos en Septiembre 2012:<\/p>\n<p>&#8211; Grandes voces de la m\u00fasica en espa\u00f1ol cogen los pinceles por una causa solidaria &#8211; <a href=\"http:\/\/www.manologarciaycia.com\/?p=3886 \" target=\"_blank\">ENLACE<\/a><\/p>\n<p>&#8211; Destacados m\u00fasicos espa\u00f1oles cambian la m\u00fasica por los pinceles para obra solidaria &#8211; <a href=\"http:\/\/www.manologarciaycia.com\/?p=3881\" target=\"_blank\">ENLACE<\/a><\/p>\n<p><font size=1><i>Pincha en la fotograf\u00eda para verla m\u00e1s grande.<\/i><\/font><\/p>\n","protected":false},"excerpt":{"rendered":"<p>Manolo Garc\u00eda pinta para \u00abVoces para la conciencia y el desarrollo\u00bb &#8211;\u00a0http:\/\/www.voces.org.es\/\u00a0&#8211; cuyo presidente es Antonio Orozco. En su Flickr (ENLACE) tienes m\u00e1s aportaciones. Noticias relacionadas que ya publicamos en Septiembre 2012: &#8211; Grandes voces de la m\u00fasica en espa\u00f1ol cogen los pinceles por una causa solidaria &#8211; ENLACE &#8211; Destacados m\u00fasicos espa\u00f1oles cambian la<a class=\"moretag\" href=\"https:\/\/www.manologarciaycia.com\/?p=5918\" title=\"MG: Colaboraci\u00f3n con \u00abVoces para la conciencia y el desarrollo\u00bb\" target=\"_self\" rel=\"follow\"> <font face=arial size=2>[Leer m\u00e1s]<\/font> <\/a><\/p>\n","protected":false},"author":2,"featured_media":0,"comment_status":"closed","ping_status":"closed","sticky":false,"template":"","format":"standard","meta":{"footnotes":""},"categories":[1,23],"tags":[],"class_list":["post-5918","post","type-post","status-publish","format-standard","hentry","category-manolo-garcia","category-otros"],"_links":{"self":[{"href":"https:\/\/www.manologarciaycia.com\/index.php?rest_route=\/wp\/v2\/posts\/5918","targetHints":{"allow":["GET"]}}],"collection":[{"href":"https:\/\/www.manologarciaycia.com\/index.php?rest_route=\/wp\/v2\/posts"}],"about":[{"href":"https:\/\/www.manologarciaycia.com\/index.php?rest_route=\/wp\/v2\/types\/post"}],"author":[{"embeddable":true,"href":"https:\/\/www.manologarciaycia.com\/index.php?rest_route=\/wp\/v2\/users\/2"}],"replies":[{"embeddable":true,"href":"https:\/\/www.manologarciaycia.com\/index.php?rest_route=%2Fwp%2Fv2%2Fcomments&post=5918"}],"version-history":[{"count":12,"href":"https:\/\/www.manologarciaycia.com\/index.php?rest_route=\/wp\/v2\/posts\/5918\/revisions"}],"predecessor-version":[{"id":5930,"href":"https:\/\/www.manologarciaycia.com\/index.php?rest_route=\/wp\/v2\/posts\/5918\/revisions\/5930"}],"wp:attachment":[{"href":"https:\/\/www.manologarciaycia.com\/index.php?rest_route=%2Fwp%2Fv2%2Fmedia&parent=5918"}],"wp:term":[{"taxonomy":"category","embeddable":true,"href":"https:\/\/www.manologarciaycia.com\/index.php?rest_route=%2Fwp%2Fv2%2Fcategories&post=5918"},{"taxonomy":"post_tag","embeddable":true,"href":"https:\/\/www.manologarciaycia.com\/index.php?rest_route=%2Fwp%2Fv2%2Ftags&post=5918"}],"curies":[{"name":"wp","href":"https:\/\/api.w.org\/{rel}","templated":true}]}}