{"id":5884,"date":"2013-02-18T14:12:28","date_gmt":"2013-02-18T13:12:28","guid":{"rendered":"http:\/\/www.manologarciaycia.com\/?p=5884"},"modified":"2013-02-19T09:11:57","modified_gmt":"2013-02-19T08:11:57","slug":"mg-un-noi-de-poblenou-un-chico-de-poblenou","status":"publish","type":"post","link":"https:\/\/www.manologarciaycia.com\/?p=5884","title":{"rendered":"MG: Un noi de Poblenou (Un chico de \u00abPoblenou\u00bb)"},"content":{"rendered":"<p>A ra\u00edz del re-encuentro en un escenario de Manolo Garc\u00eda y Quimi Portet (\u00abun noi del poblenou\u00bb), Toni Oliv\u00e9 del Blog M\u00fasics del PoPlenou (<a href=\"http:\/\/musicsdel-poplenou.blogspot.com.es\" target=\"_new\">http:\/\/musicsdel-poplenou.blogspot.com.es<\/a>) nos recuerda los inicios y ra\u00edces de Manolo Garcia: Materia Gris, Satan, Silma y su conjunto, etc.:<br \/>\n<img loading=\"lazy\" decoding=\"async\" class=\"aligncenter size-full wp-image-5886\" alt=\"manolo garcia materia gris 600 ppp  673\" src=\"http:\/\/www.manologarciaycia.com\/wp-content\/uploads\/2013\/02\/manolo-garcia-materia-gris-600-ppp-673.jpg\" width=\"640\" height=\"460\" srcset=\"https:\/\/www.manologarciaycia.com\/wp-content\/uploads\/2013\/02\/manolo-garcia-materia-gris-600-ppp-673.jpg 640w, https:\/\/www.manologarciaycia.com\/wp-content\/uploads\/2013\/02\/manolo-garcia-materia-gris-600-ppp-673-300x215.jpg 300w\" sizes=\"auto, (max-width: 640px) 100vw, 640px\" \/><br \/>\n<img loading=\"lazy\" decoding=\"async\" class=\"size-full wp-image-5885 aligncenter\" alt=\"manolo garcia materia gris 600 ppp  671\" src=\"http:\/\/www.manologarciaycia.com\/wp-content\/uploads\/2013\/02\/manolo-garcia-materia-gris-600-ppp-671.jpg\" width=\"640\" height=\"578\" srcset=\"https:\/\/www.manologarciaycia.com\/wp-content\/uploads\/2013\/02\/manolo-garcia-materia-gris-600-ppp-671.jpg 640w, https:\/\/www.manologarciaycia.com\/wp-content\/uploads\/2013\/02\/manolo-garcia-materia-gris-600-ppp-671-300x270.jpg 300w\" sizes=\"auto, (max-width: 640px) 100vw, 640px\" \/><br \/>\nPara ir l original en Catal\u00e0 pincha <a href=\"http:\/\/musicsdel-poplenou.blogspot.com.es\/2013\/02\/manolo-garcia-el-noi-del-poblenou.html\" target=\"_new\">AQUI<\/a>. Para ver el art\u00edculo completo en Castellano en Leer m\u00e1s.<\/p>\n<h3 style=\"text-align: center;\">MANOLO GARCIA: El chico del Poblenou<\/h3>\n<p style=\"text-align: center;\"><img loading=\"lazy\" decoding=\"async\" class=\"aligncenter\" alt=\"\" src=\"http:\/\/1.bp.blogspot.com\/-BSaiMacC--s\/URUvnvU_4FI\/AAAAAAAABE4\/9xyL1Hhx2_k\/s640\/manolo+garcia+i+Quimi+Portet.jpg\" width=\"567\" height=\"376\" \/>Quimi Portet y Manolo Garcia en el Palau \/\/ (Foto. Xavier Mercad\u00e9 Sim\u00f3) http:\/\/www.rockviu.cat\/<\/p>\n<p>El pasado 31 de enero <b>Quimi Portet<\/b>, durante su actuaci\u00f3n en el Palau, invit\u00f3 a subir al escenario a su amigo\u00a0<b>Manolo Garcia<\/b> present\u00e1ndolo como:<\/p>\n<p style=\"text-align: center;\"><img loading=\"lazy\" decoding=\"async\" class=\"aligncenter\" alt=\"\" src=\"http:\/\/3.bp.blogspot.com\/-cRbXbqS9_0Y\/URUvr-12eWI\/AAAAAAAABFA\/sV9sPJSC5t4\/s640\/manolo+garcia+i+Quimi+Portet+03+El+periodcio.jpg\" width=\"640\" height=\"308\" \/>QUIMI PORTET, Palau de la M\u00fasica (Barcelona), 31 de gener de 2013 (El Periodico)<\/p>\n<p><center><strong>\u00ab<i>un chico del Poblenou, el otro guapo de El \u00daltimo de la Fila&#8230; \u00a1Manolo Garc\u00eda!<\/i>\u00ab<\/strong><\/center><\/p>\n<p style=\"text-align: center;\"><img loading=\"lazy\" decoding=\"async\" class=\"aligncenter\" alt=\"\" src=\"http:\/\/3.bp.blogspot.com\/-QCDTI308YYA\/URUvsU8tq_I\/AAAAAAAABFI\/uQ_tikAzhj8\/s640\/manolo+garcia+i+Quimi+Portet+02.jpg\" width=\"567\" height=\"376\" \/>QUIMI PORTET, Palau de la M\u00fasica (Barcelona), 31 de gener de 2013 (http:\/\/www.rockviu.cat\/)<\/p>\n<p>Hac\u00eda cerca de 18 a\u00f1os que no compart\u00edan escenario. Si el Poblesec tienen a su chico. Los del Poblenou tambi\u00e9n tenemos a nuestro \u00abchico\u00bb y se nos llena la boca cuando decimos nuestro \u00abchico\u00bb, el del Poblenou es m\u00e1s rockero&#8230; Pero miremos hacia atr\u00e1s y hagamos un poco de historia i dejemos que la imagen de los dos rockeros m\u00e1s importantes de nuestro pais, Quimi y el Garcia, se desvanezca creando el tan socorrido \u00abflashback\u00bb que hemos visto mil veces en las peliculas y empecemos desde el principio, que es por donde se suele empezar mejor.<br \/>\n<img loading=\"lazy\" decoding=\"async\" class=\"alignleft\" alt=\"\" src=\"http:\/\/3.bp.blogspot.com\/-WWJ6JQXFbVw\/URZ5pjhyhEI\/AAAAAAAABLg\/Cb3NUFY6PO4\/s320\/5882+El+Rancho+Grande+2003.jpg\" width=\"320\" height=\"213\" \/><strong style=\"font-size: small;\">Manolo Garc\u00eda<\/strong> naci\u00f3 en 1955 en el Poblenou cerca del sub-barrio conocido como <i style=\"font-size: small;\">Rancho Grande<\/i>, debido a un restaurante del mismo nombre y que hace pocos a\u00f1os que ya no existe debido a la @22 (arrobar 22) y la especulaci\u00f3n que ha sufrido \u00faltimamente el Poblenou. Su primer actuaci\u00f3n fue en el Centre Moral y Cultural del Poblenou a la tierna edad de 8 a\u00f1itos, debutando en la Coral. Manolo recuerda que se desmay\u00f3 de la intensidad de su entrega art\u00edstica, tambi\u00e9n recuerda que hizo de angelito en los Pastorets.<\/p>\n<p>&nbsp;<\/p>\n<p>&nbsp;<\/p>\n<p><img loading=\"lazy\" decoding=\"async\" class=\"alignright\" alt=\"\" src=\"http:\/\/1.bp.blogspot.com\/-p_liVKv-AbE\/URZ5phDkcII\/AAAAAAAABLc\/eF2YL8bgTWI\/s320\/5883+El+Rancho+Grande+2003.jpg\" width=\"320\" height=\"213\" \/>Rancho Grande al Poblenou (Foto: A.H.P.N.)<\/p>\n<p><i>\u00abLa primera vez que sub\u00ed a un escenario tendr\u00eda 8 a\u00f1os, en un Centro Moral y Cultural de mi barrio de Barcelona, Poblenou. All\u00ed me desmay\u00e9 directamente. Cuando cant\u00e9 ya en el instituto, ten\u00eda 13 a\u00f1os pero a\u00fan estaba muy nervioso&#8230; Las rodillas me chocaban, clak, clak, clak&#8230; Luego vi a Raphael en una peli que se llamaba \u00abDigan lo que digan\u00bb y pens\u00e9: \u00abQuiero ser como este se\u00f1or cuando sea mayor\u00bb<\/i>. <i>Manolo Garc\u00eda<\/i><\/p>\n<p>&nbsp;<\/p>\n<p>&nbsp;<\/p>\n<p><img loading=\"lazy\" decoding=\"async\" class=\"aligncenter\" alt=\"\" src=\"http:\/\/3.bp.blogspot.com\/-pBZlm6tadpY\/URVOvQW2OzI\/AAAAAAAABGo\/kDnMpafgLDc\/s640\/manolo+garcia+materia+gris+600+ppp++671.jpg\" width=\"640\" height=\"578\" \/><br \/>\n<img loading=\"lazy\" decoding=\"async\" class=\"aligncenter\" alt=\"\" src=\"http:\/\/1.bp.blogspot.com\/-JVH1vlT4Onk\/URVOwJooj5I\/AAAAAAAABG4\/ZBcY7AKCRUg\/s640\/manolo+garcia+materia+gris+600+ppp++673.jpg\" width=\"640\" height=\"460\" \/><br \/>\nDespu\u00e9s de estos desafortunados comienzos art\u00edsticos hacemos un salto hasta medidados de los setenta cu\u00e1ndo forma parte de <b>Materia Gris<\/b>\u00a0tocando la bateria. Durante cuatro a\u00f1os toca por toda Catalu\u00f1a en fiestas mayores y BBC (<b>B<\/b>odas,\u00a0<b>B<\/b>autizos y\u00a0<b>C<\/b>omuniones) finalemnte cambiando el nombre por Sat\u00e1n, nombre dificil de &#8216;casar&#8217;, ciertamente, a la hora de hacer BBC&#8217;s. El siguiente grupo <b>Silma y su Conjunto<\/b>. No es dificil intuir que la tal Silma era la cantante. En este grupo Manolo comenz\u00f3 a cantar en los descansos de la cantante titular.<\/p>\n<p><img loading=\"lazy\" decoding=\"async\" class=\"aligncenter\" alt=\"\" src=\"http:\/\/4.bp.blogspot.com\/-unV9dleuUaU\/URVOvBHf4nI\/AAAAAAAABGk\/l8w4wfXCr6A\/s640\/manolo+garcia+materia+gris+600+ppp++672.jpg\" width=\"640\" height=\"406\" \/><\/p>\n<p>Pero no es hasta <b><i>Los R\u00e1pidos<\/i><\/b> cuando Manolo ya es el cantante oficial, pero antes de hacer sus canciones <i>Los R\u00e1pidos<\/i> hacen un grupo de acompa\u00f1amiento en la grabaci\u00f3n del LP <i>Tengo una idea<\/i>\u00a0(1980<i><\/i>) de\u00a0<b>Sergio Makaroff<\/b>.<\/p>\n<p><img loading=\"lazy\" decoding=\"async\" class=\"aligncenter\" alt=\"\" src=\"http:\/\/1.bp.blogspot.com\/-cSGH0U8-WGM\/URZMIYHtJFI\/AAAAAAAABII\/5UNgcGvWqug\/s400\/tengo+una+idea+sergio+makaroff.jpg\" width=\"392\" height=\"400\" \/><br \/>\n<b>LOS RAPIDOS.\u00a0<\/b>Eran Manolo Garc\u00eda (voz), Esteban Mart\u00edn Hirschfeld (teclados), Antonio Fidel (bajo), Josep Llu\u00eds P\u00e9rez (guitarra) y Llu\u00eds Visiers (bater\u00eda).<\/p>\n<p style=\"text-align: center;\"><img loading=\"lazy\" decoding=\"async\" class=\"aligncenter\" alt=\"\" src=\"http:\/\/4.bp.blogspot.com\/-oa5qyDv733Y\/URZNM1nrmkI\/AAAAAAAABIU\/DcmGofwX2-s\/s640\/LOS+RAPIDOS+EN+MAGIC.jpg\" width=\"600\" height=\"398\" \/>LOS RAPIDOS en M\u00e0gic<\/p>\n<p style=\"text-align: center;\"><img loading=\"lazy\" decoding=\"async\" class=\"aligncenter\" alt=\"\" src=\"http:\/\/1.bp.blogspot.com\/-KIuEN-aQosY\/URZNOiVeMCI\/AAAAAAAABIs\/RwlN9zPo_5g\/s640\/LOS+RAPIDOS+a345.jpg\" width=\"405\" height=\"640\" \/>En su local de ensayo del Poblenou<\/p>\n<p style=\"text-align: center;\"><img loading=\"lazy\" decoding=\"async\" class=\"aligncenter\" alt=\"\" src=\"http:\/\/1.bp.blogspot.com\/-EtXM8_mJtKA\/URVOn8iYSPI\/AAAAAAAABGQ\/vg1rECoZl64\/s640\/los+rapidos.jpg\" width=\"446\" height=\"448\" \/>\u00danico LP de LOS RAPIDOS<\/p>\n<p><i>Los R\u00e1pidos<\/i>\u00a0consiguen grabar un LP para EMI y aunque tienen mucho exito tanto en las actuaciones como entre la cr\u00edtica especializada, a duras penas venden 2000 copias de su primer y \u00fanico disco. Cosa que lo convierto, con el paso de los a\u00f1os, en una preciada pieza de coleccionista.<\/p>\n<p style=\"text-align: center;\"><img loading=\"lazy\" decoding=\"async\" class=\"aligncenter\" alt=\"\" src=\"http:\/\/1.bp.blogspot.com\/-VhgkxEkPEd4\/URVOzBl8EfI\/AAAAAAAABHM\/ZmyQPyN0AU8\/s640\/040+Casino+1981+-+Melodrama.jpg\" width=\"444\" height=\"640\" \/>Actuaci\u00f3n en el Casino L&#8217;Alian\u00e7a del Poblenou. Todos los grupos eran del Poblenou.<\/p>\n<p>Como tambi\u00e9n es una rareza las grabaciones del siguiente grupo de Manolo Garc\u00eda; \u00a0<b>LOS BURROS<\/b>, ara con la incorporaci\u00f3n de un elemento fundamental; Quimi Portet.<\/p>\n<p><img loading=\"lazy\" decoding=\"async\" class=\"aligncenter\" alt=\"\" src=\"http:\/\/3.bp.blogspot.com\/-W-JQH-5blvI\/URVOxT22U1I\/AAAAAAAABG8\/xRTcMYe6rlA\/s400\/burros.03.jpeg\" width=\"400\" height=\"398\" \/><br \/>\n<img loading=\"lazy\" decoding=\"async\" class=\"aligncenter\" alt=\"\" src=\"http:\/\/3.bp.blogspot.com\/-Boz46UJeUcw\/URZNNx4QETI\/AAAAAAAABIg\/s9kGBUeN63Y\/s320\/burros.0.jpg\" width=\"320\" height=\"319\" \/><\/p>\n<p>Con <i><b>Los Burros<\/b><\/i>\u00a0graban un par de discos: <i>Rebuznos de amor<\/i> y <i>Jamon de burro<\/i>. Los Burros tambi\u00e9n estaban muy bien considerados, pero no es hasta que Manolo y Quimi vuelven a disolver el grupo y se inventan a <i><b>El \u00faltimo de la fila\u00a0<\/b><\/i> hasta que no empieza su carrera mete\u00f3rica.<\/p>\n<p style=\"text-align: center;\"><img loading=\"lazy\" decoding=\"async\" class=\"aligncenter\" alt=\"\" src=\"http:\/\/4.bp.blogspot.com\/-bzB1m0_llSg\/URZO1RG6BPI\/AAAAAAAABJw\/zGvj0UQwnVc\/s400\/coleccion+el+ultimo+CD.jpg\" width=\"400\" height=\"400\" \/>Toda la discograf\u00eda de EL \u00daLTIMO DE LA FILA, o casi toda<\/p>\n<p>Y ahora s\u00ed. Aciertan de lleno y el exito les sonrie, y a partir de aqu\u00ed la historia que ya conoce todo el mundo, o deber\u00eda conocer. <b>El\u00a0\u00faltimo de la fila<\/b> se convierte en todo un fenomeno de masas y sin bajar la calidad de su propuesta musical y adem\u00e1s haciendo m\u00e1s o menos lo que hab\u00edan hecho siempre. Entonces \u00bfque es lo que ha cambiado? \u00bfPor qu\u00e9 los discos de <b>El \u00faltimo de la fila<\/b> se venden como churros y los anteriores de <b>Los Rapidos<\/b>\u00a0y\u00a0<b>Los burros<\/b> pasaron sin pena ni gloria? Ah, misterios insondables que nunca descubriremos.<br \/>\nSus discos\u00a0<i><a href=\"http:\/\/es.wikipedia.org\/wiki\/Cuando_la_pobreza_entra_por_la_puerta,_el_amor_salta_por_la_ventana\">Cuando la pobreza entra por la puerta, el amor salta por la ventana<\/a>\u00a0<\/i>(1985),\u00a0<i><a href=\"http:\/\/es.wikipedia.org\/wiki\/Enemigos_de_lo_ajeno\">Enemigos de lo ajeno<\/a>\u00a0<\/i>(1986),\u00a0<i><a href=\"http:\/\/es.wikipedia.org\/wiki\/Como_la_cabeza_al_sombrero\">Como la cabeza al sombrero<\/a>\u00a0<\/i>(1988,<i><a href=\"http:\/\/es.wikipedia.org\/wiki\/Nuevo_peque%C3%B1o_cat%C3%A1logo_de_seres_y_estares\">Nuevo peque\u00f1o cat\u00e1logo de seres y estares<\/a><\/i>\u00a0(1990),\u00a0<i><a href=\"http:\/\/es.wikipedia.org\/wiki\/Astronom%C3%ADa_razonable\">Astronom\u00eda razonable<\/a>\u00a0<\/i>(1993) i finalment\u00a0<i><a href=\"http:\/\/es.wikipedia.org\/wiki\/Astronom%C3%ADa_razonable\">Astronom\u00eda razonable<\/a><\/i> 1995 ya son historia del Rock y el Pop tanto en toda Espanya como en Sudam\u00e8rica.<\/p>\n<p>A partir de aqu\u00ed Manolo Garc\u00eda contin\u00faa como solista con el mismo exito, continuando con las actuaciones multitudinarias y grabaciones super-ventas con <i><a title=\"Arena en los bolsillos (\u00e1lbum)\" href=\"http:\/\/es.wikipedia.org\/wiki\/Arena_en_los_bolsillos_%28%C3%A1lbum%29\">Arena en los bolsillos<\/a><\/i>\u00a0(1998),\u00a0<i><a href=\"http:\/\/es.wikipedia.org\/wiki\/Nunca_el_tiempo_es_perdido\">Nunca el tiempo es perdido<\/a><\/i>\u00a0(2001),\u00a0<i><a href=\"http:\/\/es.wikipedia.org\/wiki\/Para_que_no_se_duerman_mis_sentidos\">Para que no se duerman mis sentidos<\/a><\/i>\u00a0(2004),\u00a0<i><a href=\"http:\/\/es.wikipedia.org\/wiki\/Saldremos_a_la_lluvia\">Saldremos a la lluvia<\/a><\/i>\u00a0(2008) i<i>\u00a0<span style=\"text-decoration: underline;\">Los dias intactos\u00a0(2011)<\/span><\/i><\/p>\n<p>Y bien,\u00a0podr\u00edamos\u00a0continuar con Manolo\u00a0Garc\u00eda\u00a0 por que seguramente todav\u00eda nos ofrecer\u00e1 mas muestras de su talento, pero dej\u00e9moslo aqu\u00ed. Para saber m\u00e1s, pod\u00e9is pasar por su estupenda y complet\u00edsima web:<\/p>\n<p><center><a href=\"http:\/\/www.manolo-garcia.com\/home\" target=\"_new\">http:\/\/www.manolo-garcia.com\/home<\/a><\/center><center><\/center><\/p>\n<h3 style=\"text-align: center;\">MANOLO GARCIA: DISE\u00d1ADOR, PINTOR, DIBUJANTE Y FOTOGRAFO<\/h3>\n<p>Para terminar quisiera a\u00f1adir que Manolo tambi\u00e9n ha sido dise\u00f1ador gr\u00e1fico y pintor. Ha hecho portadas de discos e incluso en una \u00e9poca muy lejana pintaba cuadros horribles para casas de muebles. Ha hecho varias exposiciones de sus pinturas y dibujos y tambi\u00e9n fotograf\u00edas que ha ido haciendo durante sus giras interminables.<\/p>\n<p style=\"text-align: center;\"><img loading=\"lazy\" decoding=\"async\" class=\"aligncenter\" alt=\"\" src=\"http:\/\/1.bp.blogspot.com\/-sLmPYjLAL5I\/URaazodJhuI\/AAAAAAAABMg\/qck5NVo37gk\/s400\/y1pVfL3bJcp1c8ebxqntaA3RUTjR0UOiH5wQWKuB0Te2TMzqwenqjNwzS754UWC0jVl.jpg\" width=\"400\" height=\"400\" \/>Portada de single de Loquillo dise\u00f1ada por Manolo Garcia<\/p>\n<p style=\"text-align: center;\"><img loading=\"lazy\" decoding=\"async\" class=\"aligncenter\" alt=\"\" src=\"http:\/\/4.bp.blogspot.com\/-G13plwdKrqk\/URaazvHJA8I\/AAAAAAAABMk\/jfBzw2eiC4A\/s400\/de_arrebatadora_vida_1.jpg\" width=\"400\" height=\"365\" \/><em id=\"__mceDel\">Exposici\u00f3n de sus dibujos<\/em><\/p>\n<p>Fuente: PoPlenou &#8211;\u00a0<a href=\"http:\/\/musicsdel-poplenou.blogspot.com.es\/2013\/02\/manolo-garcia-el-noi-del-poblenou.html\" target=\"_new\">Enlace a art\u00edculo original<\/a>\u00a0(en Catal\u00e0)<\/p>\n","protected":false},"excerpt":{"rendered":"<p>A ra\u00edz del re-encuentro en un escenario de Manolo Garc\u00eda y Quimi Portet (\u00abun noi del poblenou\u00bb), Toni Oliv\u00e9 del Blog M\u00fasics del PoPlenou (http:\/\/musicsdel-poplenou.blogspot.com.es) nos recuerda los inicios y ra\u00edces de Manolo Garcia: Materia Gris, Satan, Silma y su conjunto, etc.: Para ir l original en Catal\u00e0 pincha AQUI. Para ver el art\u00edculo completo<a class=\"moretag\" href=\"https:\/\/www.manologarciaycia.com\/?p=5884\" title=\"MG: Un noi de Poblenou (Un chico de \u00abPoblenou\u00bb)\" target=\"_self\" rel=\"follow\"> <font face=arial size=2>[Leer m\u00e1s]<\/font> <\/a><\/p>\n","protected":false},"author":2,"featured_media":0,"comment_status":"closed","ping_status":"closed","sticky":false,"template":"","format":"standard","meta":{"footnotes":""},"categories":[3,1,23,9],"tags":[],"class_list":["post-5884","post","type-post","status-publish","format-standard","hentry","category-el-ultimo-de-la-fila","category-manolo-garcia","category-otros","category-qumi-portet"],"_links":{"self":[{"href":"https:\/\/www.manologarciaycia.com\/index.php?rest_route=\/wp\/v2\/posts\/5884","targetHints":{"allow":["GET"]}}],"collection":[{"href":"https:\/\/www.manologarciaycia.com\/index.php?rest_route=\/wp\/v2\/posts"}],"about":[{"href":"https:\/\/www.manologarciaycia.com\/index.php?rest_route=\/wp\/v2\/types\/post"}],"author":[{"embeddable":true,"href":"https:\/\/www.manologarciaycia.com\/index.php?rest_route=\/wp\/v2\/users\/2"}],"replies":[{"embeddable":true,"href":"https:\/\/www.manologarciaycia.com\/index.php?rest_route=%2Fwp%2Fv2%2Fcomments&post=5884"}],"version-history":[{"count":23,"href":"https:\/\/www.manologarciaycia.com\/index.php?rest_route=\/wp\/v2\/posts\/5884\/revisions"}],"predecessor-version":[{"id":5888,"href":"https:\/\/www.manologarciaycia.com\/index.php?rest_route=\/wp\/v2\/posts\/5884\/revisions\/5888"}],"wp:attachment":[{"href":"https:\/\/www.manologarciaycia.com\/index.php?rest_route=%2Fwp%2Fv2%2Fmedia&parent=5884"}],"wp:term":[{"taxonomy":"category","embeddable":true,"href":"https:\/\/www.manologarciaycia.com\/index.php?rest_route=%2Fwp%2Fv2%2Fcategories&post=5884"},{"taxonomy":"post_tag","embeddable":true,"href":"https:\/\/www.manologarciaycia.com\/index.php?rest_route=%2Fwp%2Fv2%2Ftags&post=5884"}],"curies":[{"name":"wp","href":"https:\/\/api.w.org\/{rel}","templated":true}]}}