{"id":5876,"date":"2013-02-17T08:23:10","date_gmt":"2013-02-17T07:23:10","guid":{"rendered":"http:\/\/www.manologarciaycia.com\/?p=5876"},"modified":"2013-02-18T12:06:08","modified_gmt":"2013-02-18T11:06:08","slug":"eudlf-viva-el-pop-de-jesus-ordovas","status":"publish","type":"post","link":"https:\/\/www.manologarciaycia.com\/?p=5876","title":{"rendered":"EUDLF: Viva el Pop de Jes\u00fas Ordov\u00e1s"},"content":{"rendered":"<p><img loading=\"lazy\" decoding=\"async\" class=\"alignleft\" alt=\"\" src=\"http:\/\/www.efeeme.com\/wp-content\/uploads\/jesus-ordovas-05-02-13.jpg\" width=\"283\" height=\"376\" \/><\/p>\n<p><img loading=\"lazy\" decoding=\"async\" class=\"alignnone\" alt=\"\" src=\"http:\/\/www.rollingstone.es\/webroot\/files\/imagenes\/nov10\/24-1_600.jpg\" width=\"360\" height=\"240\" \/><\/p>\n<p>Los 100 discos esenciales del pop Espa\u00f1ol, por Jes\u00fas Ordov\u00e1s, incluye Enemigos de lo ajeno de El \u00daltimo de la Fila.<\/p>\n<p>Lee la noticia completa en RollingStone &#8211;\u00a0<a href=\"http:\/\/rollingstone.es\/noticias\/view\/los-100-discos-esenciales-del-pop-espanol-por-jesus-ordovas\" target=\"_new\">ENLACE<\/a>\u00a0o en Efeeme &#8211;\u00a0<a href=\"http:\/\/www.efeeme.com\/en-su-nuevo-libro-jesus-ordovas-hace-un-recorrido-grafico-por-la-historia-del-pop-espanol\/\" target=\"_new\">ENLACE<\/a>.<\/p>\n<p>Pincha para ver la portada del libro en grande (aparece chapa de El \u00daltimo de la Fila, arriba a la izquierda).<\/p>\n<p style=\"text-align: center;\"><img loading=\"lazy\" decoding=\"async\" class=\"aligncenter  wp-image-5877\" alt=\"viva-el-pop_9788497859165\" src=\"http:\/\/www.manologarciaycia.com\/wp-content\/uploads\/2013\/02\/viva-el-pop_9788497859165.jpg\" width=\"640\" height=\"720\" srcset=\"https:\/\/www.manologarciaycia.com\/wp-content\/uploads\/2013\/02\/viva-el-pop_9788497859165.jpg 1778w, https:\/\/www.manologarciaycia.com\/wp-content\/uploads\/2013\/02\/viva-el-pop_9788497859165-266x300.jpg 266w, https:\/\/www.manologarciaycia.com\/wp-content\/uploads\/2013\/02\/viva-el-pop_9788497859165-910x1024.jpg 910w\" sizes=\"auto, (max-width: 640px) 100vw, 640px\" \/><\/p>\n","protected":false},"excerpt":{"rendered":"<p>Los 100 discos esenciales del pop Espa\u00f1ol, por Jes\u00fas Ordov\u00e1s, incluye Enemigos de lo ajeno de El \u00daltimo de la Fila. Lee la noticia completa en RollingStone &#8211;\u00a0ENLACE\u00a0o en Efeeme &#8211;\u00a0ENLACE. Pincha para ver la portada del libro en grande (aparece chapa de El \u00daltimo de la Fila, arriba a la izquierda).<a class=\"moretag\" href=\"https:\/\/www.manologarciaycia.com\/?p=5876\" title=\"EUDLF: Viva el Pop de Jes\u00fas Ordov\u00e1s\" target=\"_self\" rel=\"follow\"> <font face=arial size=2>[Leer m\u00e1s]<\/font> <\/a><\/p>\n","protected":false},"author":2,"featured_media":0,"comment_status":"closed","ping_status":"closed","sticky":false,"template":"","format":"standard","meta":{"footnotes":""},"categories":[3,23],"tags":[],"class_list":["post-5876","post","type-post","status-publish","format-standard","hentry","category-el-ultimo-de-la-fila","category-otros"],"_links":{"self":[{"href":"https:\/\/www.manologarciaycia.com\/index.php?rest_route=\/wp\/v2\/posts\/5876","targetHints":{"allow":["GET"]}}],"collection":[{"href":"https:\/\/www.manologarciaycia.com\/index.php?rest_route=\/wp\/v2\/posts"}],"about":[{"href":"https:\/\/www.manologarciaycia.com\/index.php?rest_route=\/wp\/v2\/types\/post"}],"author":[{"embeddable":true,"href":"https:\/\/www.manologarciaycia.com\/index.php?rest_route=\/wp\/v2\/users\/2"}],"replies":[{"embeddable":true,"href":"https:\/\/www.manologarciaycia.com\/index.php?rest_route=%2Fwp%2Fv2%2Fcomments&post=5876"}],"version-history":[{"count":3,"href":"https:\/\/www.manologarciaycia.com\/index.php?rest_route=\/wp\/v2\/posts\/5876\/revisions"}],"predecessor-version":[{"id":5880,"href":"https:\/\/www.manologarciaycia.com\/index.php?rest_route=\/wp\/v2\/posts\/5876\/revisions\/5880"}],"wp:attachment":[{"href":"https:\/\/www.manologarciaycia.com\/index.php?rest_route=%2Fwp%2Fv2%2Fmedia&parent=5876"}],"wp:term":[{"taxonomy":"category","embeddable":true,"href":"https:\/\/www.manologarciaycia.com\/index.php?rest_route=%2Fwp%2Fv2%2Fcategories&post=5876"},{"taxonomy":"post_tag","embeddable":true,"href":"https:\/\/www.manologarciaycia.com\/index.php?rest_route=%2Fwp%2Fv2%2Ftags&post=5876"}],"curies":[{"name":"wp","href":"https:\/\/api.w.org\/{rel}","templated":true}]}}