{"id":5872,"date":"2013-02-16T22:30:53","date_gmt":"2013-02-16T21:30:53","guid":{"rendered":"http:\/\/www.manologarciaycia.com\/?p=5872"},"modified":"2013-02-16T22:30:53","modified_gmt":"2013-02-16T21:30:53","slug":"mg-actuacion-manolo-garcia-ayer-en-gala-afa-no-a-los-recortes","status":"publish","type":"post","link":"https:\/\/www.manologarciaycia.com\/?p=5872","title":{"rendered":"MG: Actuaci\u00f3n Manolo Garc\u00eda ayer en Gala AFA, NO A LOS RECORTES"},"content":{"rendered":"<p><center><iframe loading=\"lazy\" width=\"560\" height=\"315\" src=\"http:\/\/www.youtube.com\/embed\/-XxTCqG7qEI\" frameborder=\"0\" allowfullscreen><\/iframe><\/center><\/p>\n<p>\u00abNo a los recortes. Que paguen los banqueros lo que han hecho mal. Y el que ha hecho algo mal, que lo pague. La gente de la calle, a vivir. Que tenemos todo el derecho. Buenas noches y gracias. Salud.\u00bb \/\/ Manolo Garc\u00eda ha colaborado en la Gala ben\u00e9fica AFA &#8211; Auditorio de Cornell\u00e1 de Llobregat (Barcelona) &#8211; TV3<\/p>\n","protected":false},"excerpt":{"rendered":"<p>\u00abNo a los recortes. Que paguen los banqueros lo que han hecho mal. Y el que ha hecho algo mal, que lo pague. La gente de la calle, a vivir. Que tenemos todo el derecho. Buenas noches y gracias. Salud.\u00bb \/\/ Manolo Garc\u00eda ha colaborado en la Gala ben\u00e9fica AFA &#8211; Auditorio de Cornell\u00e1 de<a class=\"moretag\" href=\"https:\/\/www.manologarciaycia.com\/?p=5872\" title=\"MG: Actuaci\u00f3n Manolo Garc\u00eda ayer en Gala AFA, NO A LOS RECORTES\" target=\"_self\" rel=\"follow\"> <font face=arial size=2>[Leer m\u00e1s]<\/font> <\/a><\/p>\n","protected":false},"author":2,"featured_media":0,"comment_status":"closed","ping_status":"closed","sticky":false,"template":"","format":"standard","meta":{"footnotes":""},"categories":[1],"tags":[],"class_list":["post-5872","post","type-post","status-publish","format-standard","hentry","category-manolo-garcia"],"_links":{"self":[{"href":"https:\/\/www.manologarciaycia.com\/index.php?rest_route=\/wp\/v2\/posts\/5872","targetHints":{"allow":["GET"]}}],"collection":[{"href":"https:\/\/www.manologarciaycia.com\/index.php?rest_route=\/wp\/v2\/posts"}],"about":[{"href":"https:\/\/www.manologarciaycia.com\/index.php?rest_route=\/wp\/v2\/types\/post"}],"author":[{"embeddable":true,"href":"https:\/\/www.manologarciaycia.com\/index.php?rest_route=\/wp\/v2\/users\/2"}],"replies":[{"embeddable":true,"href":"https:\/\/www.manologarciaycia.com\/index.php?rest_route=%2Fwp%2Fv2%2Fcomments&post=5872"}],"version-history":[{"count":1,"href":"https:\/\/www.manologarciaycia.com\/index.php?rest_route=\/wp\/v2\/posts\/5872\/revisions"}],"predecessor-version":[{"id":5873,"href":"https:\/\/www.manologarciaycia.com\/index.php?rest_route=\/wp\/v2\/posts\/5872\/revisions\/5873"}],"wp:attachment":[{"href":"https:\/\/www.manologarciaycia.com\/index.php?rest_route=%2Fwp%2Fv2%2Fmedia&parent=5872"}],"wp:term":[{"taxonomy":"category","embeddable":true,"href":"https:\/\/www.manologarciaycia.com\/index.php?rest_route=%2Fwp%2Fv2%2Fcategories&post=5872"},{"taxonomy":"post_tag","embeddable":true,"href":"https:\/\/www.manologarciaycia.com\/index.php?rest_route=%2Fwp%2Fv2%2Ftags&post=5872"}],"curies":[{"name":"wp","href":"https:\/\/api.w.org\/{rel}","templated":true}]}}