{"id":5866,"date":"2013-02-15T10:19:51","date_gmt":"2013-02-15T09:19:51","guid":{"rendered":"http:\/\/www.manologarciaycia.com\/?p=5866"},"modified":"2013-02-18T20:02:00","modified_gmt":"2013-02-18T19:02:00","slug":"mg-concierto-10-anos-con-couso","status":"publish","type":"post","link":"https:\/\/www.manologarciaycia.com\/?p=5866","title":{"rendered":"MG: Concierto, 10 a\u00f1os con Couso"},"content":{"rendered":"<p><img loading=\"lazy\" decoding=\"async\" class=\"wp-image-5867 alignleft\" alt=\"Couso\" src=\"http:\/\/www.manologarciaycia.com\/wp-content\/uploads\/2013\/02\/Couso.jpg\" width=\"394\" height=\"691\" \/><\/p>\n<p>Participaci\u00f3n de Manolo Garc\u00eda en el concierto \u00ab10 a\u00f1os con Couso\u00bb el pr\u00f3ximo 15 de Marzo de 2012 en Madrid, Sala Arena:<\/p>\n<p>El c\u00e1mara y reportero gr\u00e1fico espa\u00f1ol Jos\u00e9 Couso muri\u00f3 en 2003 durante la invasi\u00f3n de Irak, a causa de los disparos de un carro de combate estadounidense contra el Hotel Palestina de la capital iraqu\u00ed en el que se encontraba junto con el resto de la prensa internacional.<\/p>\n<p>Coincidiendo con el d\u00e9cimo aniversario de su asesinato, el pr\u00f3ximo 15 de marzo tendr\u00e1 lugar en la madrile\u00f1a Sala Arena (antigua Heineken), un concierto por Couso, en el que participar\u00e1n nombres como<a href=\"http:\/\/rollingstone.es\/specials\/view\/manolo-garcia-me-impresiono-conocer-a-freddie-mercury\">Manolo Garc\u00eda<\/a>,\u00a0<a href=\"http:\/\/rollingstone.es\/noticias\/view\/escucha-entero-el-nuevo-disco-de-quique-gonzalez\">Quique Gonz\u00e1lez<\/a>,\u00a0<a href=\"http:\/\/rollingstone.es\/concerts\/view\/leiva-y-su-e-street-band-castiza-sacan-musculo-en-madrid\">Leiva<\/a>, Celtas Cortos, Marwan y Andr\u00e9s Su\u00e1rez, entre otros.<\/p>\n<p>Cada uno de los artistas tocar\u00e1 en torno a tres temas de su repertorio, con la intenci\u00f3n de configura un espect\u00e1culo de dos horas en memoria del reportero y en reconocimiento a la lucha de su familia en la b\u00fasqueda por la justicia.<\/p>\n<p>&nbsp;<\/p>\n<p><em id=\"__mceDel\" style=\"text-align: center;\">Entradas en:\u00a0<a href=\"http:\/\/www.ticketea.com\/10-anos-con-couso\" target=\"_blank\" rel=\"nofollow nofollow\">http:\/\/www.ticketea.com\/10-anos-con-couso<\/a>.<\/em><\/p>\n<p>&nbsp;<\/p>\n<p><em id=\"__mceDel\" style=\"text-align: center;\">Fuente: <a href=\"https:\/\/twitter.com\/crudo8\/status\/302287483826208768\/photo\/1\" target=\"_blank\">Twitter de crudo8<\/a>\u00a0y RollingStone<\/em><\/p>\n","protected":false},"excerpt":{"rendered":"<p>Participaci\u00f3n de Manolo Garc\u00eda en el concierto \u00ab10 a\u00f1os con Couso\u00bb el pr\u00f3ximo 15 de Marzo de 2012 en Madrid, Sala Arena: El c\u00e1mara y reportero gr\u00e1fico espa\u00f1ol Jos\u00e9 Couso muri\u00f3 en 2003 durante la invasi\u00f3n de Irak, a causa de los disparos de un carro de combate estadounidense contra el Hotel Palestina de la<a class=\"moretag\" href=\"https:\/\/www.manologarciaycia.com\/?p=5866\" title=\"MG: Concierto, 10 a\u00f1os con Couso\" target=\"_self\" rel=\"follow\"> <font face=arial size=2>[Leer m\u00e1s]<\/font> <\/a><\/p>\n","protected":false},"author":2,"featured_media":0,"comment_status":"closed","ping_status":"closed","sticky":false,"template":"","format":"standard","meta":{"footnotes":""},"categories":[1],"tags":[],"class_list":["post-5866","post","type-post","status-publish","format-standard","hentry","category-manolo-garcia"],"_links":{"self":[{"href":"https:\/\/www.manologarciaycia.com\/index.php?rest_route=\/wp\/v2\/posts\/5866","targetHints":{"allow":["GET"]}}],"collection":[{"href":"https:\/\/www.manologarciaycia.com\/index.php?rest_route=\/wp\/v2\/posts"}],"about":[{"href":"https:\/\/www.manologarciaycia.com\/index.php?rest_route=\/wp\/v2\/types\/post"}],"author":[{"embeddable":true,"href":"https:\/\/www.manologarciaycia.com\/index.php?rest_route=\/wp\/v2\/users\/2"}],"replies":[{"embeddable":true,"href":"https:\/\/www.manologarciaycia.com\/index.php?rest_route=%2Fwp%2Fv2%2Fcomments&post=5866"}],"version-history":[{"count":5,"href":"https:\/\/www.manologarciaycia.com\/index.php?rest_route=\/wp\/v2\/posts\/5866\/revisions"}],"predecessor-version":[{"id":5902,"href":"https:\/\/www.manologarciaycia.com\/index.php?rest_route=\/wp\/v2\/posts\/5866\/revisions\/5902"}],"wp:attachment":[{"href":"https:\/\/www.manologarciaycia.com\/index.php?rest_route=%2Fwp%2Fv2%2Fmedia&parent=5866"}],"wp:term":[{"taxonomy":"category","embeddable":true,"href":"https:\/\/www.manologarciaycia.com\/index.php?rest_route=%2Fwp%2Fv2%2Fcategories&post=5866"},{"taxonomy":"post_tag","embeddable":true,"href":"https:\/\/www.manologarciaycia.com\/index.php?rest_route=%2Fwp%2Fv2%2Ftags&post=5866"}],"curies":[{"name":"wp","href":"https:\/\/api.w.org\/{rel}","templated":true}]}}