{"id":5847,"date":"2013-02-08T16:48:52","date_gmt":"2013-02-08T15:48:52","guid":{"rendered":"http:\/\/www.manologarciaycia.com\/?p=5847"},"modified":"2014-02-08T08:14:50","modified_gmt":"2014-02-08T07:14:50","slug":"eudlf-documentos-graficos","status":"publish","type":"post","link":"https:\/\/www.manologarciaycia.com\/?p=5847","title":{"rendered":"EUDLF: Documentos gr\u00e1ficos"},"content":{"rendered":"<p>Galer\u00eda de im\u00e1genes de un concierto de El \u00daltimo en Valladolid, sala 4\u00aa del Zarat\u00e1n:<br \/>\n<a href=\"http:\/\/www.manologarciaycia.com\/wp-content\/uploads\/2013\/02\/EL-ULTIMO-DE-LA-FILA-6.jpg\"><img loading=\"lazy\" decoding=\"async\" src=\"http:\/\/www.manologarciaycia.com\/wp-content\/uploads\/2013\/02\/EL-ULTIMO-DE-LA-FILA-6-500x330.jpg\" alt=\"EL ULTIMO DE LA FILA 6\" width=\"500\" height=\"330\" class=\"aligncenter size-medium wp-image-8692\" srcset=\"https:\/\/www.manologarciaycia.com\/wp-content\/uploads\/2013\/02\/EL-ULTIMO-DE-LA-FILA-6-500x330.jpg 500w, https:\/\/www.manologarciaycia.com\/wp-content\/uploads\/2013\/02\/EL-ULTIMO-DE-LA-FILA-6-1024x676.jpg 1024w, https:\/\/www.manologarciaycia.com\/wp-content\/uploads\/2013\/02\/EL-ULTIMO-DE-LA-FILA-6.jpg 1600w\" sizes=\"auto, (max-width: 500px) 100vw, 500px\" \/><\/a><br \/>\nM\u00e1s fotograf\u00edas de Chusmi en: <a href=\"http:\/\/chusmi10.blogspot.com.es\/2011\/12\/el-ultimo-de-la-fila.html\" target=\"_blank\">http:\/\/chusmi10.blogspot.com.es\/2011\/12\/el-ultimo-de-la-fila.html<\/a><\/p>\n<p>Y otra estupenda foto de la actuaci\u00f3n de El \u00daltimo de la Fila en el concierto de Amnist\u00eda Internacinal, con Bruce Springsteen. Esta imagen que aparece en un libro que se presenta el 1 de Marzo. Musica pels ulls: es una memoria visual de dos d\u00e9cadas de m\u00fasica en vivo en Barcelona \u2013desde los \u00faltimos a\u00f1os de la dictadura hasta principios de los noventa\u2013 a trav\u00e9s de las im\u00e1genes de Francesc F\u00e0bregas:<br \/>\n<a href=\"http:\/\/www.manologarciaycia.com\/wp-content\/uploads\/2013\/02\/ultimo-de-la-fila-bruce-6258.jpg\"><img loading=\"lazy\" decoding=\"async\" src=\"http:\/\/www.manologarciaycia.com\/wp-content\/uploads\/2013\/02\/ultimo-de-la-fila-bruce-6258-332x500.jpg\" alt=\"ultimo-de-la-fila--bruce--6258\" width=\"332\" height=\"500\" class=\"aligncenter size-medium wp-image-8689\" srcset=\"https:\/\/www.manologarciaycia.com\/wp-content\/uploads\/2013\/02\/ultimo-de-la-fila-bruce-6258-332x500.jpg 332w, https:\/\/www.manologarciaycia.com\/wp-content\/uploads\/2013\/02\/ultimo-de-la-fila-bruce-6258.jpg 664w\" sizes=\"auto, (max-width: 332px) 100vw, 332px\" \/><\/a><\/p>\n<p>Gracias Jose Campillo de <a href='http:\/\/campillanito.blogspot.com' target=_new>http:\/\/campillanito.blogspot.com<\/a>, por haber encontrado hoy este par de documentos gr\u00e1ficos de la historia de El \u00daltimo de la Fila. Salut!<\/p>\n<div id='gallery-1' class='gallery galleryid-5847 gallery-columns-4 gallery-size-thumbnail'><dl class='gallery-item'>\n\t\t\t<dt class='gallery-icon landscape'>\n\t\t\t\t<a class='swipebox' href='https:\/\/www.manologarciaycia.com\/?attachment_id=8694'><img loading=\"lazy\" decoding=\"async\" width=\"150\" height=\"150\" src=\"https:\/\/www.manologarciaycia.com\/wp-content\/uploads\/2013\/02\/EL-ULTIMO-DE-LA-FILA-1-150x150.jpg\" class=\"attachment-thumbnail size-thumbnail\" alt=\"\" srcset=\"https:\/\/www.manologarciaycia.com\/wp-content\/uploads\/2013\/02\/EL-ULTIMO-DE-LA-FILA-1-150x150.jpg 150w, https:\/\/www.manologarciaycia.com\/wp-content\/uploads\/2013\/02\/EL-ULTIMO-DE-LA-FILA-1-160x160.jpg 160w\" sizes=\"auto, (max-width: 150px) 100vw, 150px\" \/><\/a>\n\t\t\t<\/dt><\/dl><dl class='gallery-item'>\n\t\t\t<dt class='gallery-icon landscape'>\n\t\t\t\t<a class='swipebox' href='https:\/\/www.manologarciaycia.com\/?attachment_id=8695'><img loading=\"lazy\" decoding=\"async\" width=\"150\" height=\"150\" src=\"https:\/\/www.manologarciaycia.com\/wp-content\/uploads\/2013\/02\/EL-ULTIMO-DE-LA-FILA-2-150x150.jpg\" class=\"attachment-thumbnail size-thumbnail\" alt=\"\" srcset=\"https:\/\/www.manologarciaycia.com\/wp-content\/uploads\/2013\/02\/EL-ULTIMO-DE-LA-FILA-2-150x150.jpg 150w, https:\/\/www.manologarciaycia.com\/wp-content\/uploads\/2013\/02\/EL-ULTIMO-DE-LA-FILA-2-160x160.jpg 160w\" sizes=\"auto, (max-width: 150px) 100vw, 150px\" \/><\/a>\n\t\t\t<\/dt><\/dl><dl class='gallery-item'>\n\t\t\t<dt class='gallery-icon landscape'>\n\t\t\t\t<a class='swipebox' href='https:\/\/www.manologarciaycia.com\/?attachment_id=8696'><img loading=\"lazy\" decoding=\"async\" width=\"150\" height=\"150\" src=\"https:\/\/www.manologarciaycia.com\/wp-content\/uploads\/2013\/02\/EL-ULTIMO-DE-LA-FILA-3-150x150.jpg\" class=\"attachment-thumbnail size-thumbnail\" alt=\"\" srcset=\"https:\/\/www.manologarciaycia.com\/wp-content\/uploads\/2013\/02\/EL-ULTIMO-DE-LA-FILA-3-150x150.jpg 150w, https:\/\/www.manologarciaycia.com\/wp-content\/uploads\/2013\/02\/EL-ULTIMO-DE-LA-FILA-3-160x160.jpg 160w\" sizes=\"auto, (max-width: 150px) 100vw, 150px\" \/><\/a>\n\t\t\t<\/dt><\/dl><dl class='gallery-item'>\n\t\t\t<dt class='gallery-icon landscape'>\n\t\t\t\t<a class='swipebox' href='https:\/\/www.manologarciaycia.com\/?attachment_id=8697'><img loading=\"lazy\" decoding=\"async\" width=\"150\" height=\"150\" src=\"https:\/\/www.manologarciaycia.com\/wp-content\/uploads\/2013\/02\/EL-ULTIMO-DE-LA-FILA-4-150x150.jpg\" class=\"attachment-thumbnail size-thumbnail\" alt=\"\" srcset=\"https:\/\/www.manologarciaycia.com\/wp-content\/uploads\/2013\/02\/EL-ULTIMO-DE-LA-FILA-4-150x150.jpg 150w, https:\/\/www.manologarciaycia.com\/wp-content\/uploads\/2013\/02\/EL-ULTIMO-DE-LA-FILA-4-160x160.jpg 160w\" sizes=\"auto, (max-width: 150px) 100vw, 150px\" \/><\/a>\n\t\t\t<\/dt><\/dl><br style=\"clear: both\" \/><dl class='gallery-item'>\n\t\t\t<dt class='gallery-icon landscape'>\n\t\t\t\t<a class='swipebox' href='https:\/\/www.manologarciaycia.com\/?attachment_id=8698'><img loading=\"lazy\" decoding=\"async\" width=\"150\" height=\"150\" src=\"https:\/\/www.manologarciaycia.com\/wp-content\/uploads\/2013\/02\/EL-ULTIMO-DE-LA-FILA-5-150x150.jpg\" class=\"attachment-thumbnail size-thumbnail\" alt=\"\" srcset=\"https:\/\/www.manologarciaycia.com\/wp-content\/uploads\/2013\/02\/EL-ULTIMO-DE-LA-FILA-5-150x150.jpg 150w, https:\/\/www.manologarciaycia.com\/wp-content\/uploads\/2013\/02\/EL-ULTIMO-DE-LA-FILA-5-160x160.jpg 160w\" sizes=\"auto, (max-width: 150px) 100vw, 150px\" \/><\/a>\n\t\t\t<\/dt><\/dl><dl class='gallery-item'>\n\t\t\t<dt class='gallery-icon landscape'>\n\t\t\t\t<a class='swipebox' href='https:\/\/www.manologarciaycia.com\/?attachment_id=8699'><img loading=\"lazy\" decoding=\"async\" width=\"150\" height=\"150\" src=\"https:\/\/www.manologarciaycia.com\/wp-content\/uploads\/2013\/02\/EL-ULTIMO-DE-LA-FILA-61-150x150.jpg\" class=\"attachment-thumbnail size-thumbnail\" alt=\"\" srcset=\"https:\/\/www.manologarciaycia.com\/wp-content\/uploads\/2013\/02\/EL-ULTIMO-DE-LA-FILA-61-150x150.jpg 150w, https:\/\/www.manologarciaycia.com\/wp-content\/uploads\/2013\/02\/EL-ULTIMO-DE-LA-FILA-61-160x160.jpg 160w\" sizes=\"auto, (max-width: 150px) 100vw, 150px\" \/><\/a>\n\t\t\t<\/dt><\/dl><dl class='gallery-item'>\n\t\t\t<dt class='gallery-icon landscape'>\n\t\t\t\t<a class='swipebox' href='https:\/\/www.manologarciaycia.com\/?attachment_id=8700'><img loading=\"lazy\" decoding=\"async\" width=\"150\" height=\"150\" src=\"https:\/\/www.manologarciaycia.com\/wp-content\/uploads\/2013\/02\/EL-ULTIMO-DE-LA-FILA-7-150x150.jpg\" class=\"attachment-thumbnail size-thumbnail\" alt=\"\" srcset=\"https:\/\/www.manologarciaycia.com\/wp-content\/uploads\/2013\/02\/EL-ULTIMO-DE-LA-FILA-7-150x150.jpg 150w, https:\/\/www.manologarciaycia.com\/wp-content\/uploads\/2013\/02\/EL-ULTIMO-DE-LA-FILA-7-160x160.jpg 160w\" sizes=\"auto, (max-width: 150px) 100vw, 150px\" \/><\/a>\n\t\t\t<\/dt><\/dl><dl class='gallery-item'>\n\t\t\t<dt class='gallery-icon landscape'>\n\t\t\t\t<a class='swipebox' href='https:\/\/www.manologarciaycia.com\/?attachment_id=8701'><img loading=\"lazy\" decoding=\"async\" width=\"150\" height=\"150\" src=\"https:\/\/www.manologarciaycia.com\/wp-content\/uploads\/2013\/02\/EL-ULTIMO-DE-LA-FILA-8-150x150.jpg\" class=\"attachment-thumbnail size-thumbnail\" alt=\"\" srcset=\"https:\/\/www.manologarciaycia.com\/wp-content\/uploads\/2013\/02\/EL-ULTIMO-DE-LA-FILA-8-150x150.jpg 150w, https:\/\/www.manologarciaycia.com\/wp-content\/uploads\/2013\/02\/EL-ULTIMO-DE-LA-FILA-8-160x160.jpg 160w\" sizes=\"auto, (max-width: 150px) 100vw, 150px\" \/><\/a>\n\t\t\t<\/dt><\/dl><br style=\"clear: both\" \/><dl class='gallery-item'>\n\t\t\t<dt class='gallery-icon landscape'>\n\t\t\t\t<a class='swipebox' href='https:\/\/www.manologarciaycia.com\/?attachment_id=8702'><img loading=\"lazy\" decoding=\"async\" width=\"150\" height=\"150\" src=\"https:\/\/www.manologarciaycia.com\/wp-content\/uploads\/2013\/02\/EL-ULTIMO-DE-LA-FILA-9-150x150.jpg\" class=\"attachment-thumbnail size-thumbnail\" alt=\"\" srcset=\"https:\/\/www.manologarciaycia.com\/wp-content\/uploads\/2013\/02\/EL-ULTIMO-DE-LA-FILA-9-150x150.jpg 150w, https:\/\/www.manologarciaycia.com\/wp-content\/uploads\/2013\/02\/EL-ULTIMO-DE-LA-FILA-9-160x160.jpg 160w\" sizes=\"auto, (max-width: 150px) 100vw, 150px\" \/><\/a>\n\t\t\t<\/dt><\/dl><dl class='gallery-item'>\n\t\t\t<dt class='gallery-icon landscape'>\n\t\t\t\t<a class='swipebox' href='https:\/\/www.manologarciaycia.com\/?attachment_id=8703'><img loading=\"lazy\" decoding=\"async\" width=\"150\" height=\"150\" src=\"https:\/\/www.manologarciaycia.com\/wp-content\/uploads\/2013\/02\/EL-ULTIMO-DE-LA-FILA-10-150x150.jpg\" class=\"attachment-thumbnail size-thumbnail\" alt=\"\" srcset=\"https:\/\/www.manologarciaycia.com\/wp-content\/uploads\/2013\/02\/EL-ULTIMO-DE-LA-FILA-10-150x150.jpg 150w, https:\/\/www.manologarciaycia.com\/wp-content\/uploads\/2013\/02\/EL-ULTIMO-DE-LA-FILA-10-160x160.jpg 160w\" sizes=\"auto, (max-width: 150px) 100vw, 150px\" \/><\/a>\n\t\t\t<\/dt><\/dl><dl class='gallery-item'>\n\t\t\t<dt class='gallery-icon landscape'>\n\t\t\t\t<a class='swipebox' href='https:\/\/www.manologarciaycia.com\/?attachment_id=8704'><img loading=\"lazy\" decoding=\"async\" width=\"150\" height=\"150\" src=\"https:\/\/www.manologarciaycia.com\/wp-content\/uploads\/2013\/02\/EL-ULTIMO-DE-LA-FILA-11-150x150.jpg\" class=\"attachment-thumbnail size-thumbnail\" alt=\"\" srcset=\"https:\/\/www.manologarciaycia.com\/wp-content\/uploads\/2013\/02\/EL-ULTIMO-DE-LA-FILA-11-150x150.jpg 150w, https:\/\/www.manologarciaycia.com\/wp-content\/uploads\/2013\/02\/EL-ULTIMO-DE-LA-FILA-11-160x160.jpg 160w\" sizes=\"auto, (max-width: 150px) 100vw, 150px\" \/><\/a>\n\t\t\t<\/dt><\/dl>\n\t\t\t<br style='clear: both' \/>\n\t\t<\/div>\n\n","protected":false},"excerpt":{"rendered":"<p>Galer\u00eda de im\u00e1genes de un concierto de El \u00daltimo en Valladolid, sala 4\u00aa del Zarat\u00e1n: M\u00e1s fotograf\u00edas de Chusmi en: http:\/\/chusmi10.blogspot.com.es\/2011\/12\/el-ultimo-de-la-fila.html Y otra estupenda foto de la actuaci\u00f3n de El \u00daltimo de la Fila en el concierto de Amnist\u00eda Internacinal, con Bruce Springsteen. Esta imagen que aparece en un libro que se presenta el 1<a class=\"moretag\" href=\"https:\/\/www.manologarciaycia.com\/?p=5847\" title=\"EUDLF: Documentos gr\u00e1ficos\" target=\"_self\" rel=\"follow\"> <font face=arial size=2>[Leer m\u00e1s]<\/font> <\/a><\/p>\n","protected":false},"author":2,"featured_media":0,"comment_status":"closed","ping_status":"closed","sticky":false,"template":"","format":"standard","meta":{"footnotes":""},"categories":[3,1,9],"tags":[],"class_list":["post-5847","post","type-post","status-publish","format-standard","hentry","category-el-ultimo-de-la-fila","category-manolo-garcia","category-qumi-portet"],"_links":{"self":[{"href":"https:\/\/www.manologarciaycia.com\/index.php?rest_route=\/wp\/v2\/posts\/5847","targetHints":{"allow":["GET"]}}],"collection":[{"href":"https:\/\/www.manologarciaycia.com\/index.php?rest_route=\/wp\/v2\/posts"}],"about":[{"href":"https:\/\/www.manologarciaycia.com\/index.php?rest_route=\/wp\/v2\/types\/post"}],"author":[{"embeddable":true,"href":"https:\/\/www.manologarciaycia.com\/index.php?rest_route=\/wp\/v2\/users\/2"}],"replies":[{"embeddable":true,"href":"https:\/\/www.manologarciaycia.com\/index.php?rest_route=%2Fwp%2Fv2%2Fcomments&post=5847"}],"version-history":[{"count":13,"href":"https:\/\/www.manologarciaycia.com\/index.php?rest_route=\/wp\/v2\/posts\/5847\/revisions"}],"predecessor-version":[{"id":8705,"href":"https:\/\/www.manologarciaycia.com\/index.php?rest_route=\/wp\/v2\/posts\/5847\/revisions\/8705"}],"wp:attachment":[{"href":"https:\/\/www.manologarciaycia.com\/index.php?rest_route=%2Fwp%2Fv2%2Fmedia&parent=5847"}],"wp:term":[{"taxonomy":"category","embeddable":true,"href":"https:\/\/www.manologarciaycia.com\/index.php?rest_route=%2Fwp%2Fv2%2Fcategories&post=5847"},{"taxonomy":"post_tag","embeddable":true,"href":"https:\/\/www.manologarciaycia.com\/index.php?rest_route=%2Fwp%2Fv2%2Ftags&post=5847"}],"curies":[{"name":"wp","href":"https:\/\/api.w.org\/{rel}","templated":true}]}}