{"id":583,"date":"2010-05-11T08:16:03","date_gmt":"2010-05-11T07:16:03","guid":{"rendered":"http:\/\/petaos.net\/?p=583"},"modified":"2010-05-11T08:19:06","modified_gmt":"2010-05-11T07:19:06","slug":"ricardo-marin-la-noche-del-centenario","status":"publish","type":"post","link":"https:\/\/www.manologarciaycia.com\/?p=583","title":{"rendered":"Ricardo Mar\u00edn: La Noche del Centenario"},"content":{"rendered":"<dt>PLAZA DE ESPA\u00d1A \u2026 y la m\u00fasica sigue desde los 80.<\/dt>\n<p>Un gran escenario en la Plaza de Espa\u00f1a cerrar\u00e1 el recorrido por Gran V\u00eda. Y qu\u00e9 mejor para este broche final que la m\u00fasica de La Movida, gestada en los bares y garitos que rodeaban esta plaza donde Madrid vio crecer su primer rascacielos. Muchos de\u00a0 los grupos y artistas m\u00e1s reconocidos de La Movida \u2013 madrile\u00f1a y nacional \u2013 conformar\u00e1n el espectacular cartel de este memorable concierto, que dar\u00e1 comienzo a las 22.30 h.<br \/>\n<br \/>\n<strong><em>Nacho G. Vega<\/em><\/strong>, de Nacha Pop. <strong><em>Rafa S\u00e1nchez<\/em><\/strong>, de La Uni\u00f3n. <strong><em>Nacho Campillo<\/em><\/strong>, de Tam Tam Go. <strong><em>Mercedes Ferrer<\/em><\/strong>.<em><strong>Germ\u00e1n Coppini<\/strong><\/em>, de Golpes Bajos \u2026y una banda de bandas formada por los instrumentistas m\u00e1s reconocidos de cada una de ellas:<br \/>\n<\/p>\n<dt><\/dt>\n<dt><\/dt>\n<dt>Director\u00a0 de\u00a0 la\u00a0 banda:\u00a0 <em>Jose Antonio Romero<\/em>. Bajo:\u00a0 <em>Javier Qu\u00edlez<\/em>. Bater\u00eda: <em>Sergio Castillo<\/em>. Guitarra: <em><strong>Ricardo Mar\u00edn<\/strong><\/em>. Teclados: <em>Tato Icasto<\/em>.<\/dt>\n<dt><\/dt>\n<dt><\/dt>\n<dt><em><\/em><\/dt>\n<p><\/p>\n<dt><em>Chica de ayer<\/em>, <em>Lobo hombre en Par\u00eds<\/em>, <em>Malos tiempos para la l\u00edrica<\/em>, <em>Espaldas mojadas<\/em>\u2026 son hits que volver\u00e1n a sonar en esta gran noche del centenario. Una m\u00fasica que, como sus protagonistas, sigue emocionando y haciendo bailar a distintas generaciones.<\/dt>\n<p><\/p>\n<dt>Y para entrar en calor, nada mejor una selecci\u00f3n de bandas noveles del panorama madrile\u00f1o: <em>Seeders<\/em>, <em>Contacto en Francia<\/em>, <em>El Alpinista<\/em> y <em>Vikxie <\/em>se encargar\u00e1n de hacernos vibrar durante la tarde-noche y dejarnos a punto para la actuaci\u00f3n de los veteranos.<\/dt>\n<p>Fuente: Ayuntamiento de Madrid. La Noche del Centenario.<\/p>\n","protected":false},"excerpt":{"rendered":"<p>PLAZA DE ESPA\u00d1A \u2026 y la m\u00fasica sigue desde los 80. Un gran escenario en la Plaza de Espa\u00f1a cerrar\u00e1 el recorrido por Gran V\u00eda. Y qu\u00e9 mejor para este broche final que la m\u00fasica de La Movida, gestada en los bares y garitos que rodeaban esta plaza donde Madrid vio crecer su primer rascacielos.<a class=\"moretag\" href=\"https:\/\/www.manologarciaycia.com\/?p=583\" title=\"Ricardo Mar\u00edn: La Noche del Centenario\" target=\"_self\" rel=\"follow\"> <font face=arial size=2>[Leer m\u00e1s]<\/font> <\/a><\/p>\n","protected":false},"author":2,"featured_media":0,"comment_status":"closed","ping_status":"closed","sticky":false,"template":"","format":"standard","meta":{"footnotes":""},"categories":[23],"tags":[105],"class_list":["post-583","post","type-post","status-publish","format-standard","hentry","category-otros","tag-ricardo-marin-concierto-movida-madrid-centenario-gran-via"],"_links":{"self":[{"href":"https:\/\/www.manologarciaycia.com\/index.php?rest_route=\/wp\/v2\/posts\/583","targetHints":{"allow":["GET"]}}],"collection":[{"href":"https:\/\/www.manologarciaycia.com\/index.php?rest_route=\/wp\/v2\/posts"}],"about":[{"href":"https:\/\/www.manologarciaycia.com\/index.php?rest_route=\/wp\/v2\/types\/post"}],"author":[{"embeddable":true,"href":"https:\/\/www.manologarciaycia.com\/index.php?rest_route=\/wp\/v2\/users\/2"}],"replies":[{"embeddable":true,"href":"https:\/\/www.manologarciaycia.com\/index.php?rest_route=%2Fwp%2Fv2%2Fcomments&post=583"}],"version-history":[{"count":6,"href":"https:\/\/www.manologarciaycia.com\/index.php?rest_route=\/wp\/v2\/posts\/583\/revisions"}],"predecessor-version":[{"id":589,"href":"https:\/\/www.manologarciaycia.com\/index.php?rest_route=\/wp\/v2\/posts\/583\/revisions\/589"}],"wp:attachment":[{"href":"https:\/\/www.manologarciaycia.com\/index.php?rest_route=%2Fwp%2Fv2%2Fmedia&parent=583"}],"wp:term":[{"taxonomy":"category","embeddable":true,"href":"https:\/\/www.manologarciaycia.com\/index.php?rest_route=%2Fwp%2Fv2%2Fcategories&post=583"},{"taxonomy":"post_tag","embeddable":true,"href":"https:\/\/www.manologarciaycia.com\/index.php?rest_route=%2Fwp%2Fv2%2Ftags&post=583"}],"curies":[{"name":"wp","href":"https:\/\/api.w.org\/{rel}","templated":true}]}}