{"id":579,"date":"2010-05-04T07:51:19","date_gmt":"2010-05-04T06:51:19","guid":{"rendered":"http:\/\/petaos.net\/?p=579"},"modified":"2010-05-04T07:51:19","modified_gmt":"2010-05-04T06:51:19","slug":"langa-aplazado-concierto-de-barcelona","status":"publish","type":"post","link":"https:\/\/www.manologarciaycia.com\/?p=579","title":{"rendered":"Langa: Aplazado concierto de Barcelona"},"content":{"rendered":"<p><img loading=\"lazy\" decoding=\"async\" class=\"alignright\" src=\"http:\/\/img13.imageshack.us\/img13\/2739\/30691122448424436934100.jpg\" alt=\"\" width=\"313\" height=\"320\" \/>Hola amig@s, tenemos una buena y una mala noticia. Primero la mala: por razones de peso nos hemos visto obligados a aplazar la fecha de nuestro concierto en Barcelona. Como sab\u00e9is somos m\u00fasicos en activo y aunque ahora mismo LANGA es nuestro \u201cni\u00f1o peque\u00f1o\u201d, tres de nuestros integrantes, Vicente Climent, Jorge D\u00b4Amico y Paco Bastante, ya ten\u00edan compromisos profesionales con diferentes artistas en gira para la fecha, por ello en esta ocasi\u00f3n iban a acompa\u00f1arnos Charly Sard\u00e1 a la bater\u00eda e I\u00f1igo Goldaracena al bajo. Pero tampoco ten\u00edamos suficiente tiempo para ensayar como una buena presentaci\u00f3n en Barcelona se merece, queremos ofreceros LANGA al 100%. Adem\u00e1s, en estos dos d\u00edas, nos han surgido dos \u201cimprevistos\u201d m\u00e1s: Nacho Lesko tiene que estar en Almer\u00eda tocando al d\u00eda siguiente y Ricardo Mar\u00edn empieza ese mismo d\u00eda 7 los ensayos para lo que ser\u00e1 el concierto de La Movida Madrile\u00f1a el d\u00eda 15 de Mayo en Madrid.<\/p>\n<p>Nos lo hemos tenido que pensar muy mucho porque ten\u00edamos mucha ilusi\u00f3n y ganas. Sabemos que muchos os desplazabais desde fuera, esperamos que los perjuicios, sobre todo econ\u00f3micos, sean los m\u00ednimos.<br \/>\nAhora la buena: el concierto no se suspende, se aplaza. Probablemente la semana que viene os haremos saber la nueva cita con LANGA en Barcelona. Invitamos a aquellos que no pod\u00edais acudir el 7 de Mayo a que nos acompa\u00f1\u00e9is en esa noche tan especial. Gracias tambi\u00e9n a los que ya hab\u00edais confirmado vuestra asistencia, esperamos veros all\u00ed.<\/p>\n<p>De momento, os esperamos el 26 de Mayo en Madrid en la Sala M\u00e1rmara a las 23.30h y atentos porque pronto os daremos la nueva fecha para Barcelona.<\/p>\n<p>Much\u00edsimas gracias a tod@s por vuestra comprensi\u00f3n. Fuente: LANGA<\/p>\n","protected":false},"excerpt":{"rendered":"<p>Hola amig@s, tenemos una buena y una mala noticia. Primero la mala: por razones de peso nos hemos visto obligados a aplazar la fecha de nuestro concierto en Barcelona. Como sab\u00e9is somos m\u00fasicos en activo y aunque ahora mismo LANGA es nuestro \u201cni\u00f1o peque\u00f1o\u201d, tres de nuestros integrantes, Vicente Climent, Jorge D\u00b4Amico y Paco Bastante,<a class=\"moretag\" href=\"https:\/\/www.manologarciaycia.com\/?p=579\" title=\"Langa: Aplazado concierto de Barcelona\" target=\"_self\" rel=\"follow\"> <font face=arial size=2>[Leer m\u00e1s]<\/font> <\/a><\/p>\n","protected":false},"author":2,"featured_media":0,"comment_status":"closed","ping_status":"closed","sticky":false,"template":"","format":"standard","meta":{"footnotes":""},"categories":[23],"tags":[103],"class_list":["post-579","post","type-post","status-publish","format-standard","hentry","category-otros","tag-langa-concierto-barcelona-aplazado-ricardo-marin"],"_links":{"self":[{"href":"https:\/\/www.manologarciaycia.com\/index.php?rest_route=\/wp\/v2\/posts\/579","targetHints":{"allow":["GET"]}}],"collection":[{"href":"https:\/\/www.manologarciaycia.com\/index.php?rest_route=\/wp\/v2\/posts"}],"about":[{"href":"https:\/\/www.manologarciaycia.com\/index.php?rest_route=\/wp\/v2\/types\/post"}],"author":[{"embeddable":true,"href":"https:\/\/www.manologarciaycia.com\/index.php?rest_route=\/wp\/v2\/users\/2"}],"replies":[{"embeddable":true,"href":"https:\/\/www.manologarciaycia.com\/index.php?rest_route=%2Fwp%2Fv2%2Fcomments&post=579"}],"version-history":[{"count":1,"href":"https:\/\/www.manologarciaycia.com\/index.php?rest_route=\/wp\/v2\/posts\/579\/revisions"}],"predecessor-version":[{"id":580,"href":"https:\/\/www.manologarciaycia.com\/index.php?rest_route=\/wp\/v2\/posts\/579\/revisions\/580"}],"wp:attachment":[{"href":"https:\/\/www.manologarciaycia.com\/index.php?rest_route=%2Fwp%2Fv2%2Fmedia&parent=579"}],"wp:term":[{"taxonomy":"category","embeddable":true,"href":"https:\/\/www.manologarciaycia.com\/index.php?rest_route=%2Fwp%2Fv2%2Fcategories&post=579"},{"taxonomy":"post_tag","embeddable":true,"href":"https:\/\/www.manologarciaycia.com\/index.php?rest_route=%2Fwp%2Fv2%2Ftags&post=579"}],"curies":[{"name":"wp","href":"https:\/\/api.w.org\/{rel}","templated":true}]}}