{"id":5744,"date":"2013-02-07T09:48:56","date_gmt":"2013-02-07T08:48:56","guid":{"rendered":"http:\/\/www.manologarciaycia.com\/?p=5744"},"modified":"2013-02-08T15:57:19","modified_gmt":"2013-02-08T14:57:19","slug":"mg-manolo-garcia-actuara-el-15-de-febrero-en-la-gala-benefica-por-la-escuela-afa","status":"publish","type":"post","link":"https:\/\/www.manologarciaycia.com\/?p=5744","title":{"rendered":"MG: MANOLO GARC\u00cdA ACTUAR\u00c1, EL 15 DE FEBRERO, EN LA GALA BEN\u00c9FICA POR LA ESCUELA AFA"},"content":{"rendered":"<p><img loading=\"lazy\" decoding=\"async\" class=\"alignleft\" alt=\"\" src=\"http:\/\/farm9.staticflickr.com\/8502\/8430315513_0725456bcb.jpg\" width=\"198\" height=\"280\" \/>Manolo Garc\u00eda confirma su participaci\u00f3n en la gala ben\u00e9fica por el 30 Aniversario de la escuela AFA (Actividad F\u00edsica Adaptada). La gala tiene como objetivo promocionar la actividad que desarrolla la AFA en el \u00e1mbito del ejercicio f\u00edsico adaptado a personas con alguna discapacidad. Tendr\u00e1 lugar el pr\u00f3ximo 15 de febrero, a las 21h, en el Auditori de Cornell\u00e0.<\/p>\n<p>Haz click <a href=\"http:\/\/unes.cat\/manolo-garcia-ultima-confirmacio-a-la-gala-benefica-per-lescola-afa\/?lang=es\" target=\"_blank\">aqu\u00ed<\/a> para m\u00e1s informaci\u00f3n. Fuente: Pag. Oficial Manolo Garc\u00eda &#8211; <a href=\"http:\/\/www.manolo-garcia.com\/news\/manolo-garc%C3%ADa-actuar%C3%A1-el-15-de-febrero-en-la-gala-ben%C3%A9fica-por-la-escuela-afa\" target=\"_new\">ENLACE<\/a><\/p>\n<p>\n<center><iframe loading=\"lazy\" src=\"http:\/\/player.vimeo.com\/video\/59178783\" width=\"500\" height=\"281\" frameborder=\"0\" webkitAllowFullScreen mozallowfullscreen allowFullScreen><\/iframe><\/p>\n<p><a href=\"http:\/\/vimeo.com\/59178783\">Manolo Garc\u00eda promociona la gala ben\u00e8fica \u2018El l\u00edmit el poses tu\u2019<\/a> from <a href=\"http:\/\/vimeo.com\/unesunioesportiva\">UNES Uni&oacute; Esportiva<\/a><\/p>\n<p><\/center><\/p>\n","protected":false},"excerpt":{"rendered":"<p>Manolo Garc\u00eda confirma su participaci\u00f3n en la gala ben\u00e9fica por el 30 Aniversario de la escuela AFA (Actividad F\u00edsica Adaptada). La gala tiene como objetivo promocionar la actividad que desarrolla la AFA en el \u00e1mbito del ejercicio f\u00edsico adaptado a personas con alguna discapacidad. Tendr\u00e1 lugar el pr\u00f3ximo 15 de febrero, a las 21h, en<a class=\"moretag\" href=\"https:\/\/www.manologarciaycia.com\/?p=5744\" title=\"MG: MANOLO GARC\u00cdA ACTUAR\u00c1, EL 15 DE FEBRERO, EN LA GALA BEN\u00c9FICA POR LA ESCUELA AFA\" target=\"_self\" rel=\"follow\"> <font face=arial size=2>[Leer m\u00e1s]<\/font> <\/a><\/p>\n","protected":false},"author":2,"featured_media":0,"comment_status":"closed","ping_status":"closed","sticky":false,"template":"","format":"standard","meta":{"footnotes":""},"categories":[1],"tags":[],"class_list":["post-5744","post","type-post","status-publish","format-standard","hentry","category-manolo-garcia"],"_links":{"self":[{"href":"https:\/\/www.manologarciaycia.com\/index.php?rest_route=\/wp\/v2\/posts\/5744","targetHints":{"allow":["GET"]}}],"collection":[{"href":"https:\/\/www.manologarciaycia.com\/index.php?rest_route=\/wp\/v2\/posts"}],"about":[{"href":"https:\/\/www.manologarciaycia.com\/index.php?rest_route=\/wp\/v2\/types\/post"}],"author":[{"embeddable":true,"href":"https:\/\/www.manologarciaycia.com\/index.php?rest_route=\/wp\/v2\/users\/2"}],"replies":[{"embeddable":true,"href":"https:\/\/www.manologarciaycia.com\/index.php?rest_route=%2Fwp%2Fv2%2Fcomments&post=5744"}],"version-history":[{"count":4,"href":"https:\/\/www.manologarciaycia.com\/index.php?rest_route=\/wp\/v2\/posts\/5744\/revisions"}],"predecessor-version":[{"id":5846,"href":"https:\/\/www.manologarciaycia.com\/index.php?rest_route=\/wp\/v2\/posts\/5744\/revisions\/5846"}],"wp:attachment":[{"href":"https:\/\/www.manologarciaycia.com\/index.php?rest_route=%2Fwp%2Fv2%2Fmedia&parent=5744"}],"wp:term":[{"taxonomy":"category","embeddable":true,"href":"https:\/\/www.manologarciaycia.com\/index.php?rest_route=%2Fwp%2Fv2%2Fcategories&post=5744"},{"taxonomy":"post_tag","embeddable":true,"href":"https:\/\/www.manologarciaycia.com\/index.php?rest_route=%2Fwp%2Fv2%2Ftags&post=5744"}],"curies":[{"name":"wp","href":"https:\/\/api.w.org\/{rel}","templated":true}]}}