{"id":568,"date":"2010-04-25T09:42:35","date_gmt":"2010-04-25T08:42:35","guid":{"rendered":"http:\/\/petaos.net\/?p=568"},"modified":"2010-04-25T09:42:35","modified_gmt":"2010-04-25T08:42:35","slug":"quimi-portet-surrealismo-intercomarcal","status":"publish","type":"post","link":"https:\/\/www.manologarciaycia.com\/?p=568","title":{"rendered":"Quimi Portet: Surrealismo Intercomarcal"},"content":{"rendered":"<p><img loading=\"lazy\" decoding=\"async\" class=\"alignright\" src=\"http:\/\/1.bp.blogspot.com\/_wT6ehCZUy8s\/S8-TeO4bFqI\/AAAAAAAAAoA\/zlgEDNiVkUM\/s320\/QuimiPortet.jpg\" alt=\"\" width=\"260\" height=\"260\" \/>Form\u00f3 pareja, en un aparente segundo plano, junto a Manolo Garc\u00eda en El \u00daltimo de la Fila (y en su versi\u00f3n prehist\u00f3rica, Los Burros). Aparente, porque Quimi Portet tuvo mucha importancia, m\u00e1s de la que parece, en el \u00e9xito de las canciones de aquella formaci\u00f3n. De hecho, desde que el t\u00e1ndem se rompi\u00f3, hace ya 13 a\u00f1os, muchos echamos en falta su aportaci\u00f3n en las canciones que Manolo sigue grabando. La voz es la misma, pero ya nada es igual.<\/p>\n<p>Manu Gonzalez &#8211; <a href=\"http:\/\/musicandropop.blogspot.com\/2010\/04\/quimi-portet-surrealismo-intercomarcal.html\" target=\"_blank\">Musicandropop<\/a>\u00a0&#8211; <\/p>\n<p>Ni lo va a ser. Porque el regreso de EUDLF es tan improbable como que, pongamos por caso, Pau Gasol gane el mundial de F\u00f3rmula 1. Quimi empez\u00f3, nada m\u00e1s terminar aquella etapa de su vida, una carrera en solitario que, definitivamente, le ha alejado del primer plano en el que vivi\u00f3 junto a su antiguo compa\u00f1ero de fatigas. Una trayectoria que, marcada por par\u00e1metros bien distintos, no le impide seguir coleccionando conciertos y grandes discos. Hasta media docena lleva registrados como solista.<\/p>\n<p>Para no faltar a la verdad, son siete los CD\u00b4s firmados por Quimi Portet. Ocurre, sin embargo, que el primero de ellos, \u201cPersones estranyes\u201d, lo grab\u00f3 en un par\u00e9ntesis del grupo, all\u00e1 por 1987. Producido por \u00e9l mismo junto a Manolo Garc\u00eda, cont\u00f3 con la aportaci\u00f3n de \u00c1ngel Celada y Antonio Fidel, dos de los instrumentistas que daban cuerpo a las canciones de El \u00daltimo de la Fila. Fue una especie de banco de pruebas de lo que vendr\u00eda m\u00e1s tarde, y el \u00fanico disco del que no recupera ninguna canci\u00f3n en sus conciertos.<\/p>\n<p>La maquinaria recuper\u00f3 su ritmo hasta que, en 1997, se par\u00f3 para siempre. Fue entonces cuando Quimi Portet, un tipo con un gran sentido del humor, asumi\u00f3 las riendas de su carrera como solista. Siempre, y s\u00f3lo lo diremos una vez, en catal\u00e1n. Como \u00e9l mismo dijo en una ocasi\u00f3n, a la Pantoja nadie le pregunta las razones que le llevan a cantar en castellano. Por tanto, a nadie deber\u00eda extra\u00f1ar que un tipo de Vic se exprese en su lengua materna.<\/p>\n<p>Su regreso vino de la mano de un disco con t\u00edtulo surrealista, \u201cHoquei sobre pedres\u201d, que con el tiempo ha adquirido un gran valor, digamos, documental. No en vano, inclu\u00eda la \u00faltima grabaci\u00f3n en com\u00fan con Manolo Garc\u00eda, un tema llamado \u201cMassa\u201d que el propio vocalista introdujo en su repertorio durante su primera gira en solitario. Con todo, no deber\u00edamos quedarnos ah\u00ed. El disco contiene grandes canciones, que siguen vivas en el repertorio de Portet, como \u201cFlors i violes\u201d o \u201cLa rambla\u201d, el pretendido hit que nunca lleg\u00f3 a tal. \u201cQuisimos hacer un hit, pero no lo conseguimos\u201d, explica ir\u00f3nico al respecto.<\/p>\n<p><img loading=\"lazy\" decoding=\"async\" class=\"alignleft\" src=\"http:\/\/3.bp.blogspot.com\/_wT6ehCZUy8s\/S8-UdgfLazI\/AAAAAAAAAoI\/XVVM8J6k_js\/s320\/Quimi8.jpg\" alt=\"\" width=\"240\" height=\"320\" \/>Y es que su sentido del humor siempre ha sido una constante en su carrera. En su p\u00e1gina web da ejemplo de ello, al autodenominarse \u201castro intercomarcal\u201d o \u201cel guapo de El \u00daltimo de la Fila\u201d. Encima, adem\u00e1s de trabajar junto a Albert Pla o Gerard Quintana, entre otros, ha ido labr\u00e1ndose una trayectoria en solitario coherente. Su siguiente entrega, la \u00faltima del siglo XX, llev\u00f3 como t\u00edtulo \u201cCan\u00e7oner electromagn\u00e8tic\u201d, y en su t\u00edtulo dejaba bien claras sus intenciones. Frente a su antecesor, que fue un disco que cont\u00f3 con la participaci\u00f3n de algunos de sus habituales colaboradores, Portet apost\u00f3 por el trabajo en solitario, en el sentido m\u00e1s literal de la palabra. Compuso, grab\u00f3 y produjo la totalidad del disco, con el que ni siquiera sali\u00f3 de gira. Y eso que en Catalu\u00f1a, el h\u00e1bitat m\u00e1s natural de su actual apuesta sonora, sus admiradores son legi\u00f3n. Tambi\u00e9n fuera.<\/p>\n<p><strong>El siglo XXI<\/strong><br \/>\nCon la entrada en el siglo XXI, Portet retom\u00f3 el trabajo en grupo con \u201cAcad\u00e8mia dels somnis\u201d, un disco en el que sus habituales t\u00edtulos humor\u00edsticos quedaron en el caj\u00f3n. Al menos en lo referente al t\u00edtulo del disco, porque \u201cT\u00e8cnicament perfecte\u201d o \u201cAmor gimn\u00e0stic\u201d son dos ejemplos de que por all\u00ed segu\u00eda esa tendencia. Tres a\u00f1os tard\u00f3 Portet en grabar \u201cLa terra es plana\u201d, un trabajo que inclu\u00eda una versi\u00f3n de \u201cRivers of Babylon\u201d y una canci\u00f3n breve, \u201cAfrica, 11 de la tarda\u201d, con frases como \u201cuna medium encuentra un sitio para aparcar\u201d o \u201cte quiero, tortilla\u201d.<\/p>\n<p>Para el nombre de su quinto (o sexto) disco en solitario, Portet recurri\u00f3 al gracejo de una carnicera que frecuentaba el m\u00fasico. Toda vez que no pudo venderle lo que deseaba porque \u201cmatamos los martes y los viernes\u201d, el de Vic opt\u00f3 por tomar prestada la frase para titular el disco \u201cMatem els dimarts i els divendres\u201d. Ese disco le permiti\u00f3 salir de Catalu\u00f1a para tocar, por primera vez en solitario, en una minigira por Euskadi junto a su buen amigo Ruper Ordorika.<\/p>\n<p>Su \u00faltima entrega es \u201cViatge a Montserrat\u201d, un trabajo con el que Portet cierra un ciclo al revisar \u201cMontserrat\u201d, uno de los temas de \u201cHoquei sobre pedres\u201d que adapta a su actual manera de hacer las cosas. Disfruten de sus canciones y eliminen los prejuicios idiom\u00e1ticos, porque las buenas composiciones derriban con facilidad esas barreras. Seguro que si esas canciones las cantara su ex compa\u00f1ero en El Ultimo de la Fila Portet seguir\u00eda llenando pabellones, pero hace tiempo que su batalla es otra. La de un astro intercomarcal.<\/p>\n","protected":false},"excerpt":{"rendered":"<p>Form\u00f3 pareja, en un aparente segundo plano, junto a Manolo Garc\u00eda en El \u00daltimo de la Fila (y en su versi\u00f3n prehist\u00f3rica, Los Burros). Aparente, porque Quimi Portet tuvo mucha importancia, m\u00e1s de la que parece, en el \u00e9xito de las canciones de aquella formaci\u00f3n. De hecho, desde que el t\u00e1ndem se rompi\u00f3, hace ya<a class=\"moretag\" href=\"https:\/\/www.manologarciaycia.com\/?p=568\" title=\"Quimi Portet: Surrealismo Intercomarcal\" target=\"_self\" rel=\"follow\"> <font face=arial size=2>[Leer m\u00e1s]<\/font> <\/a><\/p>\n","protected":false},"author":2,"featured_media":0,"comment_status":"closed","ping_status":"closed","sticky":false,"template":"","format":"standard","meta":{"footnotes":""},"categories":[3,9],"tags":[100],"class_list":["post-568","post","type-post","status-publish","format-standard","hentry","category-el-ultimo-de-la-fila","category-qumi-portet","tag-quimi-portet-entrevista-noticia"],"_links":{"self":[{"href":"https:\/\/www.manologarciaycia.com\/index.php?rest_route=\/wp\/v2\/posts\/568","targetHints":{"allow":["GET"]}}],"collection":[{"href":"https:\/\/www.manologarciaycia.com\/index.php?rest_route=\/wp\/v2\/posts"}],"about":[{"href":"https:\/\/www.manologarciaycia.com\/index.php?rest_route=\/wp\/v2\/types\/post"}],"author":[{"embeddable":true,"href":"https:\/\/www.manologarciaycia.com\/index.php?rest_route=\/wp\/v2\/users\/2"}],"replies":[{"embeddable":true,"href":"https:\/\/www.manologarciaycia.com\/index.php?rest_route=%2Fwp%2Fv2%2Fcomments&post=568"}],"version-history":[{"count":2,"href":"https:\/\/www.manologarciaycia.com\/index.php?rest_route=\/wp\/v2\/posts\/568\/revisions"}],"predecessor-version":[{"id":570,"href":"https:\/\/www.manologarciaycia.com\/index.php?rest_route=\/wp\/v2\/posts\/568\/revisions\/570"}],"wp:attachment":[{"href":"https:\/\/www.manologarciaycia.com\/index.php?rest_route=%2Fwp%2Fv2%2Fmedia&parent=568"}],"wp:term":[{"taxonomy":"category","embeddable":true,"href":"https:\/\/www.manologarciaycia.com\/index.php?rest_route=%2Fwp%2Fv2%2Fcategories&post=568"},{"taxonomy":"post_tag","embeddable":true,"href":"https:\/\/www.manologarciaycia.com\/index.php?rest_route=%2Fwp%2Fv2%2Ftags&post=568"}],"curies":[{"name":"wp","href":"https:\/\/api.w.org\/{rel}","templated":true}]}}