{"id":5669,"date":"2013-02-05T12:41:08","date_gmt":"2013-02-05T11:41:08","guid":{"rendered":"http:\/\/www.manologarciaycia.com\/?p=5669"},"modified":"2013-02-07T11:10:24","modified_gmt":"2013-02-07T10:10:24","slug":"mg-manolo-garcia-falto-de-vitalidad-cierra-su-gira-en-madrid","status":"publish","type":"post","link":"https:\/\/www.manologarciaycia.com\/?p=5669","title":{"rendered":"MG: Manolo Garcia \u00abfalto de vitalidad\u00bb \u00bf?\u00bf?\u00bf? cierra su gira en Madrid"},"content":{"rendered":"<p><img loading=\"lazy\" decoding=\"async\" class=\"alignright\" alt=\"\" src=\"http:\/\/www.ociogay.com\/wp-content\/uploads\/Manolo-Garcia_Madrid_@envionpubli-e1354700869134.jpg\" width=\"300\" height=\"247\" \/><\/p>\n<p><b>Antes de que os le\u00e1is esta &#8216;cr\u00f3nica&#8217;, quisi\u00e9ramos dejarle estas humildes palabras\/comentarios al autor\/a de la misma <\/b>: <em>\u00abSinceramente, no s\u00e9 en qu\u00e9 concierto estuviste, pero l\u00f3gicamente no en el mismo que nosotros; estoy bromeando, pero es que creo que todos los all\u00ed presentes disfrutamos a tope con dos horas y tres cuartos de concierto y m\u00e1s de treinta canciones a todo ritmo. No entiendo lo de que Manolo Garc\u00eda estuvo \u00bffalto de vitalidad? Lejos de fanatismos y siendo objetivo, estamos hablando del \u00faltimo concierto de una gira que ha llevado a Manolo a cerrar m\u00e1s de 50 conciertos, la mayor\u00eda con el aforo completo, en los que Manolo ofrece cerca de 3 horas de su trabajo. <\/p>\n<p>Aunque Manolo y su banda toquen en recintos peque\u00f1os, m\u00e1s estilo teatro\/cercanos, el ritmo suele ser endiablado, con las l\u00f3gicas pausas para coger aire, por que s\u00ed, es humano, pero en ninguno se ha podido evitar que la gente se levante de sus sillas nada m\u00e1s sonar los primeros acordes. Seguro que se le hace imposible dejar \u00absu vitalidad\u00bb de un lado. A parte, supongo que sabr\u00e1s que durante esta gira el cantante ha sido operado de apendicitis, ha pasado por una lumbalgia, y eso que son las primeras bajas que se coge en su carrera. Conociendo el historial de Manolo Garc\u00eda \u00bfdudar a estas alturas de su vitalidad? vamos hombre! Siempre respetamos las opiniones ajenas, y repito, lejos de fanatismos, pero es que esta vez nos parecen criticas m\u00e1s que gratuitas e infundadas.<\/p>\n<p>Para muestra un bot\u00f3n, juzguen ustedes mismos (v\u00eddeo grabado personalmente por m\u00ed durante ese concierto):<\/p>\n<p><center><iframe loading=\"lazy\" src=\"http:\/\/www.youtube.com\/embed\/udc4wkzamHQ\" height=\"315\" width=\"560\" allowfullscreen=\"\" frameborder=\"0\"><\/iframe><\/center>PD: Por cierto, inf\u00f3rmate antes de escribir, por que no tiene ninguna canci\u00f3n que se llame &#8216;Tempus Fugit&#8217;, y quiz\u00e1 te refieres a \u00abLo quiero todo\u00bb. Menuda credibilidad! Salut!\u00bb. Y ahora la &#8216;cr\u00f3nica&#8217;:<\/em><\/p>\n<p>No fue el que nos tiene acostumbrados en la despedida de su temporada de conciertos. En el Palacio de Congresos de Madrid, Manolo Garc\u00eda se despidi\u00f3 de su gira \u201cLos d\u00edas intactos\u201d.\u00a0Como siempre, miles de seguidores le esperaban ansiosos a que saliera al escenario. A ritmo de \u201cNavajas de papel\u201d (un tema deLos R\u00e1pidos) arrancaba un concierto que promet\u00eda m\u00e1s de lo que finalmente fue, seg\u00fan comentan nuestros colegas de Quiero besos.<\/p>\n<p>noticia\/cr\u00f3nica completa.<\/p>\n<p>El p\u00fablico estaba entregado, pero Manolo se ahogaba. La masa ped\u00eda m\u00e1s, pero parece que no le quedaban fuerzas. Lograba levantar, pero las canciones de su \u00faltimo disco no ayudan, demasiado lentas, demasiadas canciones\u2026 El recital se vino arriba con \u201cAviones plateados\u201d o con \u201cLa sombra de una palmera\u201d, pero las sensaciones no eran las mismas con \u201cEstoy aqu\u00ed\u201d o \u201cTempus Fugit\u201d, no parec\u00eda el Garc\u00eda al que nos tiene acostumbrados.<\/p>\n<p>Lo que no falt\u00f3 fue reivindicaci\u00f3n. Tras cantar \u201cUn giro teatral\u201d, par\u00f3 un momento, como \u00e9l mismo dijo, \u201cpara leer las anotaciones que hago cuando miro el telediario\u201d, y se dispuso a protestar, comenzando por las tasas impuestas en Justicia, el recorte en las clases de refuerzos a discapacitados, el cierre de urgencias\u2026 y, por supuesto, \u00a0una alusi\u00f3n a los banqueros, iniciaban diez minutos instrumentales a modo de protesta que culminaban con \u201cUn a\u00f1o y otro a\u00f1o\u201d. Y es que si por algo se caracteriza Manolo Garc\u00eda, es por su compromiso social, y as\u00ed, retom\u00f3 su cr\u00edtica dedicando a los j\u00f3venes que tiene ilusi\u00f3n por triunfar en la m\u00fasica o en lo que quieran, su tema estrella, \u201cInsurreci\u00f3n\u201d.<\/p>\n<p>Tras un repaso por el repertorio de su trayectoria en solitario, pasando por algunos temas de \u201cEl \u00daltimo de la Fila\u201d, un Manolo Garc\u00eda a\u00fan m\u00e1s cansado, pero con ganas de entregarse, se despidi\u00f3 \u00a0alternando ritmos como s\u00f3lo \u00e9l sabe hacerlo: mezclando \u201cCuando yo quiera has de volver\u201d con \u201cAdelita\u201d y \u201cLa bamba\u201d. Esta vez, mi acompa\u00f1ante fiel a sus conciertos y yo, no nos hemos quedado sin nuestra ranchera, pero s\u00ed con un sabor agridulce por la falta de energ\u00eda que hemos notado en algunos momentos.<\/p>\n<p>Fuente: OcioGay &#8211;\u00a0<a href=\"http:\/\/www.ociogay.com\/2012\/12\/05\/manolo-garcia-falto-de-vitalidad-cierra-su-gira-en-madrid\/\" target=\"_blank\">ENLACE<\/a><\/p>\n","protected":false},"excerpt":{"rendered":"<p>Antes de que os le\u00e1is esta &#8216;cr\u00f3nica&#8217;, quisi\u00e9ramos dejarle estas humildes palabras\/comentarios al autor\/a de la misma : \u00abSinceramente, no s\u00e9 en qu\u00e9 concierto estuviste, pero l\u00f3gicamente no en el mismo que nosotros; estoy bromeando, pero es que creo que todos los all\u00ed presentes disfrutamos a tope con dos horas y tres cuartos de concierto<a class=\"moretag\" href=\"https:\/\/www.manologarciaycia.com\/?p=5669\" title=\"MG: Manolo Garcia \u00abfalto de vitalidad\u00bb \u00bf?\u00bf?\u00bf? cierra su gira en Madrid\" target=\"_self\" rel=\"follow\"> <font face=arial size=2>[Leer m\u00e1s]<\/font> <\/a><\/p>\n","protected":false},"author":2,"featured_media":0,"comment_status":"closed","ping_status":"closed","sticky":false,"template":"","format":"standard","meta":{"footnotes":""},"categories":[1],"tags":[],"class_list":["post-5669","post","type-post","status-publish","format-standard","hentry","category-manolo-garcia"],"_links":{"self":[{"href":"https:\/\/www.manologarciaycia.com\/index.php?rest_route=\/wp\/v2\/posts\/5669","targetHints":{"allow":["GET"]}}],"collection":[{"href":"https:\/\/www.manologarciaycia.com\/index.php?rest_route=\/wp\/v2\/posts"}],"about":[{"href":"https:\/\/www.manologarciaycia.com\/index.php?rest_route=\/wp\/v2\/types\/post"}],"author":[{"embeddable":true,"href":"https:\/\/www.manologarciaycia.com\/index.php?rest_route=\/wp\/v2\/users\/2"}],"replies":[{"embeddable":true,"href":"https:\/\/www.manologarciaycia.com\/index.php?rest_route=%2Fwp%2Fv2%2Fcomments&post=5669"}],"version-history":[{"count":20,"href":"https:\/\/www.manologarciaycia.com\/index.php?rest_route=\/wp\/v2\/posts\/5669\/revisions"}],"predecessor-version":[{"id":5749,"href":"https:\/\/www.manologarciaycia.com\/index.php?rest_route=\/wp\/v2\/posts\/5669\/revisions\/5749"}],"wp:attachment":[{"href":"https:\/\/www.manologarciaycia.com\/index.php?rest_route=%2Fwp%2Fv2%2Fmedia&parent=5669"}],"wp:term":[{"taxonomy":"category","embeddable":true,"href":"https:\/\/www.manologarciaycia.com\/index.php?rest_route=%2Fwp%2Fv2%2Fcategories&post=5669"},{"taxonomy":"post_tag","embeddable":true,"href":"https:\/\/www.manologarciaycia.com\/index.php?rest_route=%2Fwp%2Fv2%2Ftags&post=5669"}],"curies":[{"name":"wp","href":"https:\/\/api.w.org\/{rel}","templated":true}]}}