{"id":542,"date":"2010-04-12T18:54:47","date_gmt":"2010-04-12T17:54:47","guid":{"rendered":"http:\/\/petaos.net\/?p=542"},"modified":"2010-04-13T11:46:15","modified_gmt":"2010-04-13T10:46:15","slug":"langa-en-concierto-2","status":"publish","type":"post","link":"https:\/\/www.manologarciaycia.com\/?p=542","title":{"rendered":"LANGA: en concierto SUSPENDIDO"},"content":{"rendered":"<div style=\"text-align: center;\">\n<div>El mi\u00e9rcoles, 14 de abril de 2010 a las 23:00<\/div>\n<div>MARMARA (Madrid) c\/Padre Dami\u00e1n 23 (junto al NH Euroboulding)<\/div>\n<div>El concierto de LANGA previsto para ma\u00f1ana mi\u00e9rcoles 14 de Abril a las 23.00h en la Sala M\u00e1rmara de Madrid <strong>ha tenido que ser suspendido<\/strong>.<\/div>\n<div>Los miembros del grupo piden disculpas por las molestias que esto haya podido ocasionar y os esperan el d\u00eda 7 de Mayo en Barcelona, en El Casal del Barri Prosperitat.<\/div>\n<p><img loading=\"lazy\" decoding=\"async\" class=\"aligncenter\" src=\"http:\/\/sphotos.ak.fbcdn.net\/hphotos-ak-snc3\/hs379.snc3\/24219_418503796334_688606334_5669684_5790771_n.jpg\" alt=\"\" width=\"345\" height=\"353\" \/><\/div>\n","protected":false},"excerpt":{"rendered":"<p>El mi\u00e9rcoles, 14 de abril de 2010 a las 23:00 MARMARA (Madrid) c\/Padre Dami\u00e1n 23 (junto al NH Euroboulding) El concierto de LANGA previsto para ma\u00f1ana mi\u00e9rcoles 14 de Abril a las 23.00h en la Sala M\u00e1rmara de Madrid ha tenido que ser suspendido. Los miembros del grupo piden disculpas por las molestias que esto<a class=\"moretag\" href=\"https:\/\/www.manologarciaycia.com\/?p=542\" title=\"LANGA: en concierto SUSPENDIDO\" target=\"_self\" rel=\"follow\"> <font face=arial size=2>[Leer m\u00e1s]<\/font> <\/a><\/p>\n","protected":false},"author":2,"featured_media":0,"comment_status":"closed","ping_status":"closed","sticky":false,"template":"","format":"standard","meta":{"footnotes":""},"categories":[23],"tags":[96],"class_list":["post-542","post","type-post","status-publish","format-standard","hentry","category-otros","tag-charly-sarda-langa-concierto-madrid-marmara-ricardo-marin"],"_links":{"self":[{"href":"https:\/\/www.manologarciaycia.com\/index.php?rest_route=\/wp\/v2\/posts\/542","targetHints":{"allow":["GET"]}}],"collection":[{"href":"https:\/\/www.manologarciaycia.com\/index.php?rest_route=\/wp\/v2\/posts"}],"about":[{"href":"https:\/\/www.manologarciaycia.com\/index.php?rest_route=\/wp\/v2\/types\/post"}],"author":[{"embeddable":true,"href":"https:\/\/www.manologarciaycia.com\/index.php?rest_route=\/wp\/v2\/users\/2"}],"replies":[{"embeddable":true,"href":"https:\/\/www.manologarciaycia.com\/index.php?rest_route=%2Fwp%2Fv2%2Fcomments&post=542"}],"version-history":[{"count":8,"href":"https:\/\/www.manologarciaycia.com\/index.php?rest_route=\/wp\/v2\/posts\/542\/revisions"}],"predecessor-version":[{"id":554,"href":"https:\/\/www.manologarciaycia.com\/index.php?rest_route=\/wp\/v2\/posts\/542\/revisions\/554"}],"wp:attachment":[{"href":"https:\/\/www.manologarciaycia.com\/index.php?rest_route=%2Fwp%2Fv2%2Fmedia&parent=542"}],"wp:term":[{"taxonomy":"category","embeddable":true,"href":"https:\/\/www.manologarciaycia.com\/index.php?rest_route=%2Fwp%2Fv2%2Fcategories&post=542"},{"taxonomy":"post_tag","embeddable":true,"href":"https:\/\/www.manologarciaycia.com\/index.php?rest_route=%2Fwp%2Fv2%2Ftags&post=542"}],"curies":[{"name":"wp","href":"https:\/\/api.w.org\/{rel}","templated":true}]}}