{"id":5410,"date":"2013-02-02T13:17:30","date_gmt":"2013-02-02T12:17:30","guid":{"rendered":"http:\/\/www.manologarciaycia.com\/?p=5410"},"modified":"2013-02-05T09:16:22","modified_gmt":"2013-02-05T08:16:22","slug":"eudlf-el-ultimo-se-deshiela","status":"publish","type":"post","link":"https:\/\/www.manologarciaycia.com\/?p=5410","title":{"rendered":"EUDLF: El \u00daltimo se deshiela"},"content":{"rendered":"<p><img loading=\"lazy\" decoding=\"async\" class=\"wp-image-5411 alignleft\" alt=\"QP_MG_20130131_Per_Petaos\" src=\"http:\/\/www.manologarciaycia.com\/wp-content\/uploads\/2013\/02\/QP_MG_20130131_Per_Petaos.jpg\" width=\"518\" height=\"336\" srcset=\"https:\/\/www.manologarciaycia.com\/wp-content\/uploads\/2013\/02\/QP_MG_20130131_Per_Petaos.jpg 900w, https:\/\/www.manologarciaycia.com\/wp-content\/uploads\/2013\/02\/QP_MG_20130131_Per_Petaos-300x194.jpg 300w\" sizes=\"auto, (max-width: 518px) 100vw, 518px\" \/><\/p>\n<p>Quimi Portet invit\u00f3 a Manolo Garc\u00eda a interpretar una canci\u00f3n en su recital del Palau de la M\u00fasica tras 16 a\u00f1os sin compartir escenario.<br \/>\nA Quimi Portet, el Palau le estimula la imaginaci\u00f3n y las ganas de suministrar grandes sustos a sus fans. Si hace tres a\u00f1os, en su estreno en la sala, interpret\u00f3, por primera vez desde que trabaja en solitario, una canci\u00f3n de El \u00daltimo de la Fila, Mar antiguo, el jueves, en el ciclo BandAutors, fue un poco m\u00e1s lejos y, en su misi\u00f3n de provocar una crisis coronaria colectiva, sac\u00f3 al escenario a su hist\u00f3rico compa\u00f1ero de correr\u00edas: \u00abun noi del Poble Nou, el otro guapo de El \u00daltimo de la Fila&#8230; \u00a1Manolo Garc\u00eda!\u00bb.<\/p>\n<p>No interpretaban juntos una canci\u00f3n sobre un escenario desde que El \u00daltimo de la Fila anunci\u00f3 su disoluci\u00f3n, en enero de 1998. M\u00e1s a\u00fan, desde el concierto p\u00f3stumo de la banda, que se desarroll\u00f3 sin ninguna pompa funeraria (Portet y Garc\u00eda a\u00fan no hab\u00edan tomado la decisi\u00f3n final) en la localidad de Ceheg\u00edn (Murcia), en septiembre de 1996. M\u00e1s de 16 a\u00f1os sin verse las caras sobre las tablas.<\/p>\n<p>El reencuentro no fue a lomos de ning\u00fan \u00e9xito de El \u00daltimo, sinode una pieza de Portet, Massa, a la que Garc\u00eda puso la voz en su versi\u00f3n original, del disco Hockei sobre pedres (1997). No era la primera vez que cantaba en catal\u00e1n: ah\u00ed est\u00e1 Noies voramar, d\u00fao con Maria del Mar Bonet, y la versi\u00f3n traducida de una pieza de El \u00daltimo, Del templo a la taberna, que el grupo grab\u00f3 hace dos d\u00e9cadas para TV-3. Garc\u00eda, que hac\u00eda d\u00edas que no se afeitaba (gui\u00f1o a la imagen barbuda de Portet en los carteles promocionales), cant\u00f3 con serenidad y se despidi\u00f3 apelando a los \u00ab18 a\u00f1os de carretera \u00bb que le unen a Portet (y al bajista de la noche, Antonio Fidel, otro ex-\u00daltimo) y resumiendo la andadura en t\u00e9rminos envidiables. \u00abHemos sido muy libres porque hemos vivido mucho y hemos tocado y cantado\u00bb.<\/p>\n<p><\/p>\n<p><b>Gestos de generosidad<\/b><\/p>\n<p>Portet vino al Palau a presentar su disco Oh my love, del que toc\u00f3 siete canciones, pero desvi\u00f3 el foco tres veces hacia sus invitados. Antes de Garc\u00eda irrumpi\u00f3 un Adri\u00e0 Punt\u00ed de aspecto saneado, al que el guitarrista, generoso, arrop\u00f3 en dos canciones, Flors i violes y Sota una col, de los discos que le produjo cuando el ex-cantante de Umpah-Pah era un artista activo. Esperemos que vuelva a serlo. Y en los bises, el tercer c\u00f3mplice, Albert Pla, con ba\u00f1ador, albornoz y gorro, cantando Sunny day.<\/p>\n<p>Como hilo conductor de la noche, un repertorio, el de Portet, que en sus \u00faltimos discos matiza la expresi\u00f3n tribal con destellos melanc\u00f3licos. Piezas estimables como Tinc una b\u00e8stia dintre meu, Vida interior d\u2019un llu\u00e7 (que dedic\u00f3 al Rey) y Quit\u00e8ria, y dos citas al disco Acad\u00e8mia dels somnis. En la segunda mitad del recital creci\u00f3 la temperatura rockera: en R\u00e0dio infern, Portet dio pie a unos desarrollos guitarr\u00edsticos de Jordi Busquets dignos de Neil Young &amp; Crazy Horse. De ah\u00ed, a La rambla y un Rock\u2019n\u2019roll, de Gary Glitter, orgullosamente cejijunto. \u00abM\u00fasica moderna \u00bb, como la calific\u00f3 Portet. Y en un vago clima de deshielo.<\/p>\n<p>Fuente: El Per\u00edodico &#8211; <a href=\"http:\/\/www.elperiodico.com\/es\/noticias\/ocio-y-cultura\/ultimo-deshiela-2308875\" target=\"_new\">ENLACE<\/a> &#8211; Jordi Bianciotto<\/p>\n","protected":false},"excerpt":{"rendered":"<p>Quimi Portet invit\u00f3 a Manolo Garc\u00eda a interpretar una canci\u00f3n en su recital del Palau de la M\u00fasica tras 16 a\u00f1os sin compartir escenario. A Quimi Portet, el Palau le estimula la imaginaci\u00f3n y las ganas de suministrar grandes sustos a sus fans. Si hace tres a\u00f1os, en su estreno en la sala, interpret\u00f3, por<a class=\"moretag\" href=\"https:\/\/www.manologarciaycia.com\/?p=5410\" title=\"EUDLF: El \u00daltimo se deshiela\" target=\"_self\" rel=\"follow\"> <font face=arial size=2>[Leer m\u00e1s]<\/font> <\/a><\/p>\n","protected":false},"author":2,"featured_media":0,"comment_status":"closed","ping_status":"closed","sticky":false,"template":"","format":"standard","meta":{"footnotes":""},"categories":[3,1,9],"tags":[],"class_list":["post-5410","post","type-post","status-publish","format-standard","hentry","category-el-ultimo-de-la-fila","category-manolo-garcia","category-qumi-portet"],"_links":{"self":[{"href":"https:\/\/www.manologarciaycia.com\/index.php?rest_route=\/wp\/v2\/posts\/5410","targetHints":{"allow":["GET"]}}],"collection":[{"href":"https:\/\/www.manologarciaycia.com\/index.php?rest_route=\/wp\/v2\/posts"}],"about":[{"href":"https:\/\/www.manologarciaycia.com\/index.php?rest_route=\/wp\/v2\/types\/post"}],"author":[{"embeddable":true,"href":"https:\/\/www.manologarciaycia.com\/index.php?rest_route=\/wp\/v2\/users\/2"}],"replies":[{"embeddable":true,"href":"https:\/\/www.manologarciaycia.com\/index.php?rest_route=%2Fwp%2Fv2%2Fcomments&post=5410"}],"version-history":[{"count":4,"href":"https:\/\/www.manologarciaycia.com\/index.php?rest_route=\/wp\/v2\/posts\/5410\/revisions"}],"predecessor-version":[{"id":5663,"href":"https:\/\/www.manologarciaycia.com\/index.php?rest_route=\/wp\/v2\/posts\/5410\/revisions\/5663"}],"wp:attachment":[{"href":"https:\/\/www.manologarciaycia.com\/index.php?rest_route=%2Fwp%2Fv2%2Fmedia&parent=5410"}],"wp:term":[{"taxonomy":"category","embeddable":true,"href":"https:\/\/www.manologarciaycia.com\/index.php?rest_route=%2Fwp%2Fv2%2Fcategories&post=5410"},{"taxonomy":"post_tag","embeddable":true,"href":"https:\/\/www.manologarciaycia.com\/index.php?rest_route=%2Fwp%2Fv2%2Ftags&post=5410"}],"curies":[{"name":"wp","href":"https:\/\/api.w.org\/{rel}","templated":true}]}}