{"id":5398,"date":"2013-02-02T07:40:42","date_gmt":"2013-02-02T06:40:42","guid":{"rendered":"http:\/\/www.manologarciaycia.com\/?p=5398"},"modified":"2013-02-02T08:08:26","modified_gmt":"2013-02-02T07:08:26","slug":"mg-el-ultimo-de-la-fila-revive-en-el-palau","status":"publish","type":"post","link":"https:\/\/www.manologarciaycia.com\/?p=5398","title":{"rendered":"EUDLF: El \u00daltimo de la Fila revive en el Palau"},"content":{"rendered":"<p><img loading=\"lazy\" decoding=\"async\" class=\"alignright\" alt=\"\" src=\"http:\/\/estaticos.elperiodico.com\/resources\/jpg\/2\/7\/1359725377272.jpg\" width=\"517\" height=\"249\" \/>El concierto de Quimi Portet, anoche en el Palau, incluy\u00f3 varias sorpresas, entre ellas la aparici\u00f3n de Manolo Garc\u00eda para cantar una de las piezas del repertorio del guitarrista, &#8216;Massa&#8217;, en catal\u00e1n. No se hab\u00eda visto a ambos artistas interpretando juntos una canci\u00f3n tras la disoluci\u00f3n de El \u00daltimo de la Fila, en enero de 1998.\u00a0Portet ya dio un golpe de efecto cuando invit\u00f3 al escenario a Adri\u00e0 Punt\u00ed para tocar dos piezas, &#8216;Flors i violes&#8217; y &#8216;Sota una col&#8217;, e inflam\u00f3 definitivamente el Palau cuando present\u00f3 al siguiente c\u00f3mplice de la noche, <strong>\u00abun noi de Poble Nou, el otro guapo de El \u00daltimo de la Fila&#8230; \u00a1Manolo Garc\u00eda!\u00bb<\/strong>. El cantante declar\u00f3 que la invitaci\u00f3n era \u00abun placer y un honor muy grande\u00bb, y a aludi\u00f3 a sus \u00ab18 a\u00f1os en la carretera\u00bb con el guitarrista, desde Los R\u00e1pidos y Los Burros.<\/p>\n<p>El reencuentro tuvo un tercer pilar, el bajo de Antonio Fidel, tambi\u00e9n vinculado a El \u00daltimo de la Fila y miembro fijo de la banda de Portet. Manolo Garc\u00eda, que luci\u00f3 barba de varios d\u00edas, se despidi\u00f3 con un mensaje de plenitud. \u00abHemos sido muy libres porque hemos vivido mucho y hemos tocado y cantado\u00bb.\u00a0La actuaci\u00f3n sigui\u00f3 su curso con la presentaci\u00f3n del \u00faltimo disco de Portet, &#8216;Oh my love&#8217;, cuya canci\u00f3n principal fue interpretada por el tercer invitado de la noche, Albert Pla, que apareci\u00f3 en escena en ba\u00f1ador y albornoz. En la tanda de bises, Portet rescat\u00f3 &#8216;La rambla&#8217; y el cl\u00e1sico &#8216;Rock&#8217;n&#8217;roll&#8217;, de Gary Glitter.<\/p>\n<p>Fuente: El Per\u00edodico. <a href=\"http:\/\/www.elperiodico.com\/es\/noticias\/ocio-y-cultura\/ultimo-fila-revive-palau-2308080\" target=\"_new\">Enlace<\/a><\/p>\n","protected":false},"excerpt":{"rendered":"<p>El concierto de Quimi Portet, anoche en el Palau, incluy\u00f3 varias sorpresas, entre ellas la aparici\u00f3n de Manolo Garc\u00eda para cantar una de las piezas del repertorio del guitarrista, &#8216;Massa&#8217;, en catal\u00e1n. No se hab\u00eda visto a ambos artistas interpretando juntos una canci\u00f3n tras la disoluci\u00f3n de El \u00daltimo de la Fila, en enero de<a class=\"moretag\" href=\"https:\/\/www.manologarciaycia.com\/?p=5398\" title=\"EUDLF: El \u00daltimo de la Fila revive en el Palau\" target=\"_self\" rel=\"follow\"> <font face=arial size=2>[Leer m\u00e1s]<\/font> <\/a><\/p>\n","protected":false},"author":2,"featured_media":0,"comment_status":"closed","ping_status":"closed","sticky":false,"template":"","format":"standard","meta":{"footnotes":""},"categories":[3,1,9],"tags":[],"class_list":["post-5398","post","type-post","status-publish","format-standard","hentry","category-el-ultimo-de-la-fila","category-manolo-garcia","category-qumi-portet"],"_links":{"self":[{"href":"https:\/\/www.manologarciaycia.com\/index.php?rest_route=\/wp\/v2\/posts\/5398","targetHints":{"allow":["GET"]}}],"collection":[{"href":"https:\/\/www.manologarciaycia.com\/index.php?rest_route=\/wp\/v2\/posts"}],"about":[{"href":"https:\/\/www.manologarciaycia.com\/index.php?rest_route=\/wp\/v2\/types\/post"}],"author":[{"embeddable":true,"href":"https:\/\/www.manologarciaycia.com\/index.php?rest_route=\/wp\/v2\/users\/2"}],"replies":[{"embeddable":true,"href":"https:\/\/www.manologarciaycia.com\/index.php?rest_route=%2Fwp%2Fv2%2Fcomments&post=5398"}],"version-history":[{"count":4,"href":"https:\/\/www.manologarciaycia.com\/index.php?rest_route=\/wp\/v2\/posts\/5398\/revisions"}],"predecessor-version":[{"id":5409,"href":"https:\/\/www.manologarciaycia.com\/index.php?rest_route=\/wp\/v2\/posts\/5398\/revisions\/5409"}],"wp:attachment":[{"href":"https:\/\/www.manologarciaycia.com\/index.php?rest_route=%2Fwp%2Fv2%2Fmedia&parent=5398"}],"wp:term":[{"taxonomy":"category","embeddable":true,"href":"https:\/\/www.manologarciaycia.com\/index.php?rest_route=%2Fwp%2Fv2%2Fcategories&post=5398"},{"taxonomy":"post_tag","embeddable":true,"href":"https:\/\/www.manologarciaycia.com\/index.php?rest_route=%2Fwp%2Fv2%2Ftags&post=5398"}],"curies":[{"name":"wp","href":"https:\/\/api.w.org\/{rel}","templated":true}]}}