{"id":5366,"date":"2013-02-01T09:53:28","date_gmt":"2013-02-01T08:53:28","guid":{"rendered":"http:\/\/www.manologarciaycia.com\/?p=5366"},"modified":"2013-02-01T09:56:45","modified_gmt":"2013-02-01T08:56:45","slug":"qp-indomable-quimi-portet","status":"publish","type":"post","link":"https:\/\/www.manologarciaycia.com\/?p=5366","title":{"rendered":"QP: Indomable Quimi Portet"},"content":{"rendered":"<p><center><object id=\"CTVPlayer\" width=\"425\" height=\"239\" classid=\"clsid:d27cdb6e-ae6d-11cf-96b8-444553540000\" codebase=\"http:\/\/download.macromedia.com\/pub\/shockwave\/cabs\/flash\/swflash.cab#version=6,0,40,0\"><param name=\"allowScriptAccess\" value=\"always\" \/><param name=\"allowFullScreen\" value=\"true\" \/><param name=\"src\" value=\"http:\/\/www.elperiodico.com\/swf\/CTVPlayer.swf?assetID=2157907_es_videos&amp;location=embed\" \/><param name=\"allowfullscreen\" value=\"true\" \/><param name=\"allowscriptaccess\" value=\"always\" \/><embed id=\"CTVPlayer\" width=\"425\" height=\"239\" type=\"application\/x-shockwave-flash\" src=\"http:\/\/www.elperiodico.com\/swf\/CTVPlayer.swf?assetID=2157907_es_videos&amp;location=embed\" allowScriptAccess=\"always\" allowFullScreen=\"true\" allowfullscreen=\"true\" allowscriptaccess=\"always\" \/><\/object><\/center><\/p>\n<p>No todo el mundo es capaz de autoproclamarse \u00abun astro intercomarcal\u00bb. Quimi Portet bautiz\u00f3 su libro as\u00ed: &#8216;Diari d&#8217;un astre intercomarcal&#8217; (en el 2007). Ni de admitir &#8216;Tinc una b\u00e8stia dintre meu&#8217;, a trav\u00e9s de uno de sus temas m\u00e1s inspirados. O de citar a Voltaire y a los Gipsy Kings en una misma estrofa. El cantautor y guitarrista de Vic, de larga e inquieta trayectoria, el exmiembro de Kul de Mandril, Los Burros y El \u00daltimo de la Fila, sigue de gira de su octavo disco en solitario, &#8216;Oh my love&#8217;. Y el pr\u00f3ximo jueves actuar\u00e1 en el Palau de la M\u00fasica, invitado por el ciclo Bandautors.<\/p>\n<p>Ser\u00e1 su segundo recital en la sala modernista. El debut tuvo lugar la primavera del 2010, con su aclamado \u00e1lbum Viatge a Montserrat (dentro del Festival de Guitarra). \u00abEl Palau hasta hace relativamente poco, unos siete u ocho a\u00f1os, acog\u00eda solo eventos internacionales. De joven recuerdo haber visto a Frank Zappa, Miles Davis. Y si hab\u00eda artistas de la escena local, era algo fuera de lo com\u00fan. Pero se ha abierto a la m\u00fasica popular y este ciclo, Bandautors, me parece un gran acierto\u00bb.<\/p>\n<p> noticia\/entrevista completa.<br \/>\n<b>\u00abROCK PELUDO\u00bb<\/b><br \/>\nQuimi Portet agradece que el cartel contemple \u00aba consolidados y emergentes. A cantautores, en definitiva, un territorio un poco nebuloso y abierto: abarca incluso a artistas provenientes del rock peludo como yo. Y siempre me ha gustado el concepto de cantautor: la persona que canta es la autora de su propio material\u00bb.<\/p>\n<p>En los a\u00f1os 60, recuerda, hab\u00eda muchos int\u00e9rpretes rom\u00e1nticos que no escrib\u00edan los temas que cantaban. \u00abTen\u00edan una voz, un instrumento delicioso, pero necesitaban que otros les compusieran, unos se\u00f1ores quiz\u00e1 m\u00e1s gordinflones que no se atrev\u00edan a salir al escenario. El cantautor, en cambio, es el que m\u00e1s pone la carne en el asador, tenga la voz que tenga\u00bb.<\/p>\n<p>\u00bfY qu\u00e9 me dice del estigma del cantautor plasta? \u00abS\u00ed, est\u00e1 ligado a esta figura, lo que la hace hasta m\u00e1s simp\u00e1tica\u00bb, responde. \u00abDe hecho, a m\u00ed siempre me han gustado m\u00e1s los conjuntos de peludos. Pero admito que siempre he admirado al cantautor, a ese que canta sus pajas mentales en un mundo en el que todo est\u00e1 tan normalizado\u00bb, r\u00ede.<\/p>\n<p><img loading=\"lazy\" decoding=\"async\" class=\"alignleft\" alt=\"\" src=\"http:\/\/estaticos.elperiodico.com\/resources\/jpg\/8\/0\/1359404685708.jpg\" width=\"480\" height=\"341\" \/> <b>OBJETIVO: SER BUENO<\/b><br \/>\nPortet opina que hay una excesiva voluntad de querer ser original. \u00abY no creo que sea un objetivo art\u00edstico plausible. Ser original es relativamente f\u00e1cil; pero ser bueno, no\u00bb. \u00ab&#8216;L&#8217;humor \u00e9s l&#8217;anarquia que triomfa per uns breus instants'\u00bb, suelta en la letra que bautiza su \u00faltimo disco. \u00abEsta frase es todo un descubrimiento. Y guarda mucha raz\u00f3n. Cuando dos personas r\u00eden lo que hacen es desmontar todas las convenciones; abrir un par\u00e9ntesis. Re\u00edr nos va muy bien como individuos y como sociedad\u00bb.<\/p>\n<p>\u00abLos catalanes tenemos una historia triste &#8211;prosigue&#8211;. Y uno de los peque\u00f1os secretos que nos ayuda a sobrevivir y nos identifica es el humor, desde Sagarra hasta Capri y Mari Santpere, pasando por Pau Riba, Sisa, La Trinca y Buenafuente. Hay una l\u00ednea humor\u00edstica espec\u00edfica que tiene que ver con una actitud muy poderosa frente a la tristeza\u00bb.<\/p>\n<p>Fuente: El Per\u00edodico &#8211; <a href=\"http:\/\/www.elperiodico.com\/es\/noticias\/ocio-y-cultura\/indomable-quimi-portet-2304759\" target=\"_new\">ENLACE<\/a><\/p>\n","protected":false},"excerpt":{"rendered":"<p>No todo el mundo es capaz de autoproclamarse \u00abun astro intercomarcal\u00bb. Quimi Portet bautiz\u00f3 su libro as\u00ed: &#8216;Diari d&#8217;un astre intercomarcal&#8217; (en el 2007). Ni de admitir &#8216;Tinc una b\u00e8stia dintre meu&#8217;, a trav\u00e9s de uno de sus temas m\u00e1s inspirados. O de citar a Voltaire y a los Gipsy Kings en una misma estrofa.<a class=\"moretag\" href=\"https:\/\/www.manologarciaycia.com\/?p=5366\" title=\"QP: Indomable Quimi Portet\" target=\"_self\" rel=\"follow\"> <font face=arial size=2>[Leer m\u00e1s]<\/font> <\/a><\/p>\n","protected":false},"author":2,"featured_media":0,"comment_status":"closed","ping_status":"closed","sticky":false,"template":"","format":"standard","meta":{"footnotes":""},"categories":[9],"tags":[],"class_list":["post-5366","post","type-post","status-publish","format-standard","hentry","category-qumi-portet"],"_links":{"self":[{"href":"https:\/\/www.manologarciaycia.com\/index.php?rest_route=\/wp\/v2\/posts\/5366","targetHints":{"allow":["GET"]}}],"collection":[{"href":"https:\/\/www.manologarciaycia.com\/index.php?rest_route=\/wp\/v2\/posts"}],"about":[{"href":"https:\/\/www.manologarciaycia.com\/index.php?rest_route=\/wp\/v2\/types\/post"}],"author":[{"embeddable":true,"href":"https:\/\/www.manologarciaycia.com\/index.php?rest_route=\/wp\/v2\/users\/2"}],"replies":[{"embeddable":true,"href":"https:\/\/www.manologarciaycia.com\/index.php?rest_route=%2Fwp%2Fv2%2Fcomments&post=5366"}],"version-history":[{"count":3,"href":"https:\/\/www.manologarciaycia.com\/index.php?rest_route=\/wp\/v2\/posts\/5366\/revisions"}],"predecessor-version":[{"id":5369,"href":"https:\/\/www.manologarciaycia.com\/index.php?rest_route=\/wp\/v2\/posts\/5366\/revisions\/5369"}],"wp:attachment":[{"href":"https:\/\/www.manologarciaycia.com\/index.php?rest_route=%2Fwp%2Fv2%2Fmedia&parent=5366"}],"wp:term":[{"taxonomy":"category","embeddable":true,"href":"https:\/\/www.manologarciaycia.com\/index.php?rest_route=%2Fwp%2Fv2%2Fcategories&post=5366"},{"taxonomy":"post_tag","embeddable":true,"href":"https:\/\/www.manologarciaycia.com\/index.php?rest_route=%2Fwp%2Fv2%2Ftags&post=5366"}],"curies":[{"name":"wp","href":"https:\/\/api.w.org\/{rel}","templated":true}]}}