{"id":5361,"date":"2013-02-01T09:31:42","date_gmt":"2013-02-01T08:31:42","guid":{"rendered":"http:\/\/www.manologarciaycia.com\/?p=5361"},"modified":"2013-02-01T09:33:13","modified_gmt":"2013-02-01T08:33:13","slug":"qp-en-mis-letras-nunca-he-hecho-un-esfuerzo-para-disimular-nada","status":"publish","type":"post","link":"https:\/\/www.manologarciaycia.com\/?p=5361","title":{"rendered":"QP: \u00abEn mis letras nunca he hecho un esfuerzo para disimular nada\u00bb"},"content":{"rendered":"<p><center><object id=\"flashObj\" width=\"400\" height=\"300\" classid=\"clsid:d27cdb6e-ae6d-11cf-96b8-444553540000\" codebase=\"http:\/\/download.macromedia.com\/pub\/shockwave\/cabs\/flash\/swflash.cab#version=6,0,40,0\" bgcolor=\"#FFFFFF\"><param name=\"flashVars\" value=\"videoId=2129484930001&amp;playerID=28066806001&amp;playerKey=AQ~~,AAAAAHElSxs~,m-RjSny18hDeKSaEWdJWHV3zyrQPcRUB&amp;domain=embed&amp;dynamicStreaming=true\" \/><param name=\"base\" value=\"http:\/\/admin.brightcove.com\" \/><param name=\"seamlesstabbing\" value=\"false\" \/><param name=\"allowFullScreen\" value=\"true\" \/><param name=\"swLiveConnect\" value=\"true\" \/><param name=\"allowScriptAccess\" value=\"always\" \/><param name=\"src\" value=\"http:\/\/c.brightcove.com\/services\/viewer\/federated_f9?isVid=1\" \/><param name=\"flashvars\" value=\"videoId=2129484930001&amp;playerID=28066806001&amp;playerKey=AQ~~,AAAAAHElSxs~,m-RjSny18hDeKSaEWdJWHV3zyrQPcRUB&amp;domain=embed&amp;dynamicStreaming=true\" \/><param name=\"allowfullscreen\" value=\"true\" \/><param name=\"swliveconnect\" value=\"true\" \/><param name=\"allowscriptaccess\" value=\"always\" \/><param name=\"pluginspage\" value=\"http:\/\/www.macromedia.com\/shockwave\/download\/index.cgi?P1_Prod_Version=ShockwaveFlash\" \/><embed id=\"flashObj\" width=\"400\" height=\"300\" type=\"application\/x-shockwave-flash\" src=\"http:\/\/c.brightcove.com\/services\/viewer\/federated_f9?isVid=1\" flashVars=\"videoId=2129484930001&amp;playerID=28066806001&amp;playerKey=AQ~~,AAAAAHElSxs~,m-RjSny18hDeKSaEWdJWHV3zyrQPcRUB&amp;domain=embed&amp;dynamicStreaming=true\" base=\"http:\/\/admin.brightcove.com\" seamlesstabbing=\"false\" allowFullScreen=\"true\" swLiveConnect=\"true\" allowScriptAccess=\"always\" flashvars=\"videoId=2129484930001&amp;playerID=28066806001&amp;playerKey=AQ~~,AAAAAHElSxs~,m-RjSny18hDeKSaEWdJWHV3zyrQPcRUB&amp;domain=embed&amp;dynamicStreaming=true\" allowfullscreen=\"true\" swliveconnect=\"true\" allowscriptaccess=\"always\" pluginspage=\"http:\/\/www.macromedia.com\/shockwave\/download\/index.cgi?P1_Prod_Version=ShockwaveFlash\" bgcolor=\"#FFFFFF\" \/><\/object><\/center><\/p>\n<p>Cuando ya lleva bastantes meses gir\u00e1ndolo por aqu\u00ed y por all\u00e1,\u00a0<strong>Quimi Portet<\/strong>\u00a0por fin presenta oficialmente en Barcelona su \u00faltimo disco, un\u00a0<strong><em>Oh my love<\/em><\/strong>\u00a0(M\u00fasica Global) que se est\u00e1 comportando con envidiable buena salud en todos los sentidos y en la coyuntura actual. El m\u00fasico de Vic, pues, desembarca en el palacio modernista invitado por el ciclo BandAutors (21 h) para, entre otras cosas, desgranar en directo el que hace su octavo disco en solitario (m\u00e1s alg\u00fan invitado sorpresa), y lo har\u00e1 acompa\u00f1ado por sus m\u00fasicos, compa\u00f1eros y amigos de siempre: Antonio Fidel (bajo), Jordi Busquets (guitarra) y Charly Oliver (bater\u00eda).<\/p>\n<p><strong>Un veterano como usted, \u00bfse est\u00e1 convirtiendo en referencia de las nuevas generaciones de aficionados?<\/strong><br \/>\nA diferencia con los anteriores, mis dos \u00faltimos discos, es decir, este Oh my love y Viatge a Montserrat, son muy homologables de m\u00fasica popular contempor\u00e1nea, y, de alguna manera, nos han acercado a un p\u00fablico que hasta ahora nos ve\u00eda alejados de sus preferencias, gente un poco m\u00e1s joven. Creo que nuestro p\u00fablico m\u00e1s t\u00edpico es el que se arraig\u00f3 con discos m\u00e1s oscuros, m\u00e1s de arte y ensayo, como La terra \u00e9s plana y Matem els dimarts i els divendres. Con esto tambi\u00e9n quiero decir que me siento muy afortunado porque he podido cumplir el sue\u00f1o de muchos artistas, el de reinventarme. De una manera muy humilde creo que est\u00e9ticamente he demostrado en mis \u00faltimos cuatro discos una intenci\u00f3n de explorar en direcciones muy diferentes dentro de este g\u00e9nero, de explorar dentro del grupo y del estudio de grabaci\u00f3n.<\/p>\n<p>Gana el disco Oh my love! firmado: <a href='http:\/\/www.lavanguardia.com\/concursos\/20130131\/54363262455\/gana-disco-quimi-portet-oh-my-love.html?utm_source=feedburner&#038;utm_medium=feed&#038;utm_campaign=Feed%3A+lavanguardia%2Fcultura+%28Seccion+LV.com+-+Cultura%29' target=_new>ENLACE<\/a>.  noticia\/entrevista completa.<br \/>\n<strong>Esta evoluci\u00f3n, \u00bfpuede verse como un acercamiento a paladares menos exigentes?<\/strong><br \/>\nNo creo, no&#8230; Era muy peligroso seguir a vanzando en el terreno del arte y ensayo, es decir, seguir la misma l\u00ednea que hab\u00eda marcado con La terra es&#8230; y Matem els dimarts&#8230;; esos eran discos muy personales, bastante oscuros, que me encanta revisitar en directo, pero si me hubiese quedado en ese territorio de una manera muy vehemente me podr\u00eda haber costado mucho salir de \u00e9l m\u00e1s tarde. Yo, como digo, me dedico a la m\u00fasica popular contempor\u00e1nea y cuando salgo al escenario lo que menos intento es que la gente me encuentre original. Sobre todo, lo que quiero es que se lo pasen bien.<\/p>\n<p><strong>\u00bfS\u00f3lo pretende eso?<\/strong><br \/>\nBueno, de hecho, si te dedicas a esto en el fondo tambi\u00e9n buscas que te acepte el p\u00fablico. Y para conseguir ese favor haces unos u otros sacrificios. Lo que yo hago en este sentido es explorar los lugares comunes de las canciones, explorar cosas que te llevan a encontrar el placer en unos sitios en donde gente que no es aficionada a la m\u00fasica tambi\u00e9n los encuentra. Con El \u00daltimo de la Fila ya me pasaba algo de eso.<\/p>\n<p><strong>\u00bfHasta d\u00f3nde ha transigido para encontrar ese punto de coincidencia con el aficionado?<\/strong><br \/>\nNo he transigido en nada. Ahora me voy a hacer un poco el chulo: no he transigido porque todo est\u00e1 en mis textos, y es que en mis letras nunca he hecho un esfuerzo para disimular nada; es decir, que cuando he estado emocionalmente p&#8217;all\u00e1, se me ha visto el plumero totalmente, y hay disco m\u00edos que se nota perfectamente que los he hecho en momentos complicados. Y, la verdad es que he encontrado un placer malsano en que se me viera el plumero. La persona que est\u00e1 en casa en calzoncillos es la misma que saldr\u00e1 al escenario del Palau de la M\u00fasica, y sin haber hecho ninguna transformaci\u00f3n. La metamorfosis la reduzco al m\u00ednimo, excepto cuando ha trabajado en grupo.<\/p>\n<p><strong>\u00bfHa sido una equivocaci\u00f3n?<\/strong><br \/>\nNo lo s\u00e9, pero siempre lo he hecho as\u00ed, y tampoco s\u00e9 si es demasiado tarde. Pero, en cualquier caso, esta conducta me ha producido un gran placer, y s\u00e9 que a la gente que m\u00e1s o menos me ha seguido es una de las cosas que m\u00e1s le han llamado la atenci\u00f3n de m\u00ed. Sirvo para hacer canciones y para tocar con un grupo en directo, pero limito al m\u00ednimo esa metamorfosis de dios del escenario.<\/p>\n<p><strong>Dicho en otras palabras, usted siempre ha mantenido las distancias con su p\u00fablico.<\/strong><br \/>\nS\u00ed, porque este es mi oficio. Cuando eres muy joven, el oficio se puede convertir en el centro de tu vida, pero a partir de una cierta edad no es m\u00e1s que oficio. Pero, ojo, tiene una parte de emotividad cierta y sincera, porque si no existiese esa emotividad le aseguro que no podr\u00eda ir a cantar al Palau, por ejemplo. Por el contrario, si sacrificase toda esa emotividad en aras de mi oficio, le aseguro que ya habr\u00eda perdido los papeles. En cualquier caso, lo que est\u00e1 claro es que el t\u00edo que saldr\u00e1 en el Palau lo har\u00e1 con todas sus contradicciones; esas no las dejar\u00e1 en casa. Se lo aseguro.<\/p>\n<p>Fuente: La Vanguardia &#8211; <a href=\"http:\/\/www.lavanguardia.com\/cultura\/20130131\/54362571950\/quimi-portet-cantautor-disco-oh-my-love-palau-de-la-musica.html?utm_source=feedburner&amp;utm_medium=feed&amp;utm_campaign=Feed%3A+lavanguardia%2Fcultura+%28Seccion+LV.com+-+Cultura%29\" target=\"_blank\">Enlace<\/a><\/p>\n","protected":false},"excerpt":{"rendered":"<p>Cuando ya lleva bastantes meses gir\u00e1ndolo por aqu\u00ed y por all\u00e1,\u00a0Quimi Portet\u00a0por fin presenta oficialmente en Barcelona su \u00faltimo disco, un\u00a0Oh my love\u00a0(M\u00fasica Global) que se est\u00e1 comportando con envidiable buena salud en todos los sentidos y en la coyuntura actual. El m\u00fasico de Vic, pues, desembarca en el palacio modernista invitado por el ciclo<a class=\"moretag\" href=\"https:\/\/www.manologarciaycia.com\/?p=5361\" title=\"QP: \u00abEn mis letras nunca he hecho un esfuerzo para disimular nada\u00bb\" target=\"_self\" rel=\"follow\"> <font face=arial size=2>[Leer m\u00e1s]<\/font> <\/a><\/p>\n","protected":false},"author":2,"featured_media":0,"comment_status":"closed","ping_status":"closed","sticky":false,"template":"","format":"standard","meta":{"footnotes":""},"categories":[9],"tags":[],"class_list":["post-5361","post","type-post","status-publish","format-standard","hentry","category-qumi-portet"],"_links":{"self":[{"href":"https:\/\/www.manologarciaycia.com\/index.php?rest_route=\/wp\/v2\/posts\/5361","targetHints":{"allow":["GET"]}}],"collection":[{"href":"https:\/\/www.manologarciaycia.com\/index.php?rest_route=\/wp\/v2\/posts"}],"about":[{"href":"https:\/\/www.manologarciaycia.com\/index.php?rest_route=\/wp\/v2\/types\/post"}],"author":[{"embeddable":true,"href":"https:\/\/www.manologarciaycia.com\/index.php?rest_route=\/wp\/v2\/users\/2"}],"replies":[{"embeddable":true,"href":"https:\/\/www.manologarciaycia.com\/index.php?rest_route=%2Fwp%2Fv2%2Fcomments&post=5361"}],"version-history":[{"count":3,"href":"https:\/\/www.manologarciaycia.com\/index.php?rest_route=\/wp\/v2\/posts\/5361\/revisions"}],"predecessor-version":[{"id":5363,"href":"https:\/\/www.manologarciaycia.com\/index.php?rest_route=\/wp\/v2\/posts\/5361\/revisions\/5363"}],"wp:attachment":[{"href":"https:\/\/www.manologarciaycia.com\/index.php?rest_route=%2Fwp%2Fv2%2Fmedia&parent=5361"}],"wp:term":[{"taxonomy":"category","embeddable":true,"href":"https:\/\/www.manologarciaycia.com\/index.php?rest_route=%2Fwp%2Fv2%2Fcategories&post=5361"},{"taxonomy":"post_tag","embeddable":true,"href":"https:\/\/www.manologarciaycia.com\/index.php?rest_route=%2Fwp%2Fv2%2Ftags&post=5361"}],"curies":[{"name":"wp","href":"https:\/\/api.w.org\/{rel}","templated":true}]}}