{"id":5358,"date":"2013-02-01T10:10:05","date_gmt":"2013-02-01T09:10:05","guid":{"rendered":"http:\/\/www.manologarciaycia.com\/?p=5358"},"modified":"2013-02-02T08:08:19","modified_gmt":"2013-02-02T07:08:19","slug":"qp-quimi-portet-y-manolo-garcia-cantaron-juntos-anoche","status":"publish","type":"post","link":"https:\/\/www.manologarciaycia.com\/?p=5358","title":{"rendered":"EUDLF: Quimi Portet y Manolo Garc\u00eda, cantaron juntos anoche, 15 a\u00f1os despu\u00e9s!"},"content":{"rendered":"<p><center><strong>Anoche, Manolo Garc\u00eda cant\u00f3 en el concierto de Quimi Portet junto a \u00e9l, la canci\u00f3n Massa. Varios v\u00eddeos y fotos:<\/strong><\/p>\n<p><iframe loading=\"lazy\" src=\"http:\/\/www.youtube.com\/embed\/wALf9uxAXIQ\" height=\"315\" width=\"560\" allowfullscreen=\"\" frameborder=\"0\"><\/iframe><br \/>\nDe Kike del CIUF &#8211; <a href=\"http:\/\/www.ciuf.net\" target=\"_new\">Enlace<\/a><\/p>\n<p><iframe loading=\"lazy\" src=\"http:\/\/www.youtube.com\/embed\/lpElF3IDaHs\" height=\"315\" width=\"560\" allowfullscreen=\"\" frameborder=\"0\"><\/iframe><br \/>\nDe Silvia, BoiraBCN.<\/p>\n<p><img loading=\"lazy\" decoding=\"async\" class=\"aligncenter\" alt=\"\" src=\"http:\/\/blocs.mesvilaweb.cat\/media\/K21hbm9sb0RTQ182NzA4_239153_5_6449_1.jpg\" width=\"567\" height=\"376\" \/><br \/>\nDe Xavi Mercad\u00e9 (Rock Viu &#8211; <a href=\"http:\/\/blocs.mesvilaweb.cat\/node\/view\/id\/239153\" target=\"_new\">Enlace<\/a><\/p>\n<p style=\"text-align: center;\"><img loading=\"lazy\" decoding=\"async\" class=\"aligncenter\" alt=\"\" src=\"http:\/\/3.bp.blogspot.com\/-fM3IU63_T4E\/UQuhpMyHYpI\/AAAAAAAADzc\/YEMsOXDLeBw\/s1600\/Quimi+Portet,+Palau+de+La+M%C3%BAsica+Catalana,+31-01-2013+(70).JPG\" width=\"800\" height=\"534\" \/> De Ray Molinari &#8211; <a href=\"http:\/\/ambideraimon.blogspot.com.es\/\" target=\"_new\">Enlace<\/a><\/p>\n<p><img loading=\"lazy\" decoding=\"async\" class=\"aligncenter\" alt=\"\" src=\"http:\/\/sphotos-g.ak.fbcdn.net\/hphotos-ak-prn1\/539979_527831450570858_1387894642_n.jpg\" width=\"768\" height=\"432\" \/><br \/>\nDe Kike del CIUF &#8211; <a href=\"http:\/\/www.ciuf.net\" target=\"_new\">Enlace<\/a><\/p>\n<p><img loading=\"lazy\" decoding=\"async\" class=\"aligncenter\" alt=\"\" src=\"http:\/\/blocs.mesvilaweb.cat\/media\/K21hbm9sb0RTQ182NzM0_239153_6_6449_1.jpg\" width=\"567\" height=\"376\" \/><br \/>\nDe Xavi Mercad\u00e9 (Rock Viu &#8211; <a href=\"http:\/\/blocs.mesvilaweb.cat\/node\/view\/id\/239153\" target=\"_new\">Enlace<\/a><\/p>\n<p style=\"text-align: center;\"><img loading=\"lazy\" decoding=\"async\" class=\"aligncenter\" alt=\"\" src=\"https:\/\/pbs.twimg.com\/media\/BB97fZNCAAA2eQc.jpg:large\" width=\"717\" height=\"536\" \/><br \/>\nDe Jordi Bianciotto<\/p>\n<p>&nbsp;<\/p>\n","protected":false},"excerpt":{"rendered":"<p>Anoche, Manolo Garc\u00eda cant\u00f3 en el concierto de Quimi Portet junto a \u00e9l, la canci\u00f3n Massa. Varios v\u00eddeos y fotos: De Kike del CIUF &#8211; Enlace De Silvia, BoiraBCN. De Xavi Mercad\u00e9 (Rock Viu &#8211; Enlace De Ray Molinari &#8211; Enlace De Kike del CIUF &#8211; Enlace De Xavi Mercad\u00e9 (Rock Viu &#8211; Enlace De<a class=\"moretag\" href=\"https:\/\/www.manologarciaycia.com\/?p=5358\" title=\"EUDLF: Quimi Portet y Manolo Garc\u00eda, cantaron juntos anoche, 15 a\u00f1os despu\u00e9s!\" target=\"_self\" rel=\"follow\"> <font face=arial size=2>[Leer m\u00e1s]<\/font> <\/a><\/p>\n","protected":false},"author":2,"featured_media":0,"comment_status":"closed","ping_status":"closed","sticky":false,"template":"","format":"standard","meta":{"footnotes":""},"categories":[1,9],"tags":[],"class_list":["post-5358","post","type-post","status-publish","format-standard","hentry","category-manolo-garcia","category-qumi-portet"],"_links":{"self":[{"href":"https:\/\/www.manologarciaycia.com\/index.php?rest_route=\/wp\/v2\/posts\/5358","targetHints":{"allow":["GET"]}}],"collection":[{"href":"https:\/\/www.manologarciaycia.com\/index.php?rest_route=\/wp\/v2\/posts"}],"about":[{"href":"https:\/\/www.manologarciaycia.com\/index.php?rest_route=\/wp\/v2\/types\/post"}],"author":[{"embeddable":true,"href":"https:\/\/www.manologarciaycia.com\/index.php?rest_route=\/wp\/v2\/users\/2"}],"replies":[{"embeddable":true,"href":"https:\/\/www.manologarciaycia.com\/index.php?rest_route=%2Fwp%2Fv2%2Fcomments&post=5358"}],"version-history":[{"count":17,"href":"https:\/\/www.manologarciaycia.com\/index.php?rest_route=\/wp\/v2\/posts\/5358\/revisions"}],"predecessor-version":[{"id":5408,"href":"https:\/\/www.manologarciaycia.com\/index.php?rest_route=\/wp\/v2\/posts\/5358\/revisions\/5408"}],"wp:attachment":[{"href":"https:\/\/www.manologarciaycia.com\/index.php?rest_route=%2Fwp%2Fv2%2Fmedia&parent=5358"}],"wp:term":[{"taxonomy":"category","embeddable":true,"href":"https:\/\/www.manologarciaycia.com\/index.php?rest_route=%2Fwp%2Fv2%2Fcategories&post=5358"},{"taxonomy":"post_tag","embeddable":true,"href":"https:\/\/www.manologarciaycia.com\/index.php?rest_route=%2Fwp%2Fv2%2Ftags&post=5358"}],"curies":[{"name":"wp","href":"https:\/\/api.w.org\/{rel}","templated":true}]}}