{"id":527,"date":"2010-04-10T09:21:30","date_gmt":"2010-04-10T08:21:30","guid":{"rendered":"http:\/\/petaos.net\/?p=527"},"modified":"2010-04-10T09:21:30","modified_gmt":"2010-04-10T08:21:30","slug":"%c2%a1alegria-para-antonio","status":"publish","type":"post","link":"https:\/\/www.manologarciaycia.com\/?p=527","title":{"rendered":"\u00a1Alegr\u00eda para Antonio!"},"content":{"rendered":"<p style=\"text-align: center;\"><img loading=\"lazy\" decoding=\"async\" class=\"alignnone\" src=\"http:\/\/www.elpais.com\/recorte\/20100410elpepucul_5\/XLCO\/Ies\/Fotografia_grupal_participantes_homenaje_Viva_Antonio.jpg\" alt=\"\" width=\"620\" height=\"249\" \/><\/p>\n<p style=\"text-align: left;\">El homenaje al ex l\u00edder de Nacha Pop huye de la tristeza y se convierte en una gozosa fiesta.<\/p>\n<p style=\"text-align: left;\">No, el momento m\u00e1s emocionante de la noche no fue cuando Miguel R\u00edos interpret\u00f3 <em>Tesoros<\/em>, aunque el veterano rockero le infundi\u00f3 br\u00edo a la pieza de Antonio Vega. Tampoco fue la aparici\u00f3n Ketama con <em>Se dejaba llevar por ti<\/em>, reunidos exclusivamente para la ocasi\u00f3n despu\u00e9s de seis a\u00f1os de silencio. Ni siquiera ese sentido <em>El sitio de mi recreo<\/em>, cantando con pellizco flamenco por Rosario. Cuando a todos los espectadores se les encogieron las tripas, se les acumularon las l\u00e1grimas en los ojos y les temblaron las piernas fue con el int\u00e9rprete m\u00e1s desconocido del extenso cartel. Ocurren estas cosas cuando se tienta a la magia, y el homenajeado anoche, Antonio Vega, la exhib\u00eda hasta cuando ten\u00eda un mal d\u00eda.<\/p>\n<p style=\"text-align: left;\"> Fuente: El Pais<\/p>\n<p style=\"text-align: left;\">\n<p>Fue pisar el escenario el hermano mayor de Antonio Vega, Carlos, con zancada pausada y rostro relajado, y un nudo oprimi\u00f3 el cuello de los 12.000 espectadores que casi llenaron el Palacio de los Deportes. El parecido f\u00edsico de Carlos con Antonio es importante. La misma fina figura, id\u00e9ntica mirada de genio extraviado. Incluso Carlos se agarra una coleta con su melena encanecida, como hac\u00eda Antonio es sus \u00faltimos a\u00f1os. Pero lo m\u00e1s estremecedor fue cuando Carlos, guitarra colgada a la espalda, abri\u00f3 la boca y se puso a cantar los primeros versos de <em>Lucha de gigantes<\/em>, esa reflexi\u00f3n po\u00e9tica sobre sentirnos peque\u00f1os en un mundo que te devora (\u00bfles suena a algo?): \u00abLucha de gigantes, el aire en gas natural\/ un duelo salvaje advierte, lo cerca que ando de entrar\/ en un mundo descomunal, siento mi fragilidad\u00bb. Cerrabas los ojos y pensabas: \u00ab\u00bfEs Antonio Vega el que est\u00e1 cantando?\u00bb. Congoja.<\/p>\n<p>La vida se apag\u00f3 para Antonio Vega, posiblemente el mejor compositor de pop espa\u00f1ol junto a Santiago Auser\u00f3n, el 12 de mayo de 2009. Casi un a\u00f1o despu\u00e9s lleg\u00f3 anoche su concierto homenaje. Con el elocuente t\u00edtulo de <em>\u00a1Viva Antonio!<\/em> se reunieron casi una treintena de artistas para interpretar temas del compositor madrile\u00f1o. No hubo tristeza ni aflicci\u00f3n en toda la noche. S\u00ed momentos emotivos, conmovedores, pero tanto los espectadores (la mayor\u00eda talluditos) como los participantes quisieron ofrecer una noche de alegr\u00eda a Antonio Vega.<\/p>\n<p>Los padres de Antonio no asistieron. Ganas no les faltaron, pero no era aconsejable. Carlos Vega, de 55 a\u00f1os (tres m\u00e1s que el creador de <em>Chica de ayer<\/em>), organizador del homenaje y hermano de Antonio, lo justifica: \u00abMis padres est\u00e1n muy mayores y el golpe emocional hubiese sido muy fuerte\u00bb. Las otras dos hermanas s\u00ed acudieron al Palacio. El momento de la noche fue cuando Carlos interpret\u00f3 <em>Lucha de gigantes<\/em>. No, Carlos no se dedica a cantar pop. Es arquitecto, pero con talento musical. El suficiente como para componer canciones para su hermano, como <em>Mis dos amigos<\/em> o <em>Entre t\u00fa y yo<\/em>. Anoche Carlos era un flan. \u00abHe cantado alguna vez con Antonio, pero esto es muy especial. Ser\u00e1 la primera y la \u00faltima vez que lo haga. \u00bfNervios? No, p\u00e1nico. Me tomar\u00e9 dos lexatines y a cantar\u00bb, dec\u00eda antes de la actuaci\u00f3n.<\/p>\n<p>La mec\u00e1nica del espect\u00e1culo fue sencilla. Una banda base para todo el mundo (la \u00faltima que acompa\u00f1\u00f3 a Antonio Vega, con el teclista Basilio Mart\u00ed de jefe: un diez para ellos que sonaron de lujo) y los artistas subiendo al escenario a interpretar una sola canci\u00f3n, ya sea del repertorio de Antonio Vega o de los efervescentes Nacha Pop. Los beneficios del concierto ir\u00e1n destinados a organizaciones solidarias: Interm\u00f3n, la Fundaci\u00f3n Antonio Vega y las Escoles de Nicaragua.<\/p>\n<p>Pronto se comprob\u00f3 que no es nada f\u00e1cil enfrentarse a las canciones de Vega, siempre condicionadas por su tono profundo y melanc\u00f3lico. El Gran Wyoming hizo lo que pudo (cantar no es lo suyo) con <em>Antes de que salga el sol<\/em>; Pau Don\u00e9s no lleg\u00f3 al tono de <em>H\u00e1blame a los ojos<\/em>. La cosa mejor\u00f3 bastante con Mam\u00e1, Burning y Quique Gonz\u00e1lez. Por ser un poco pejiguero en una noche tan especial: se echaron en falta m\u00fasicos j\u00f3venes, artistas de corte menos comercial que sin duda han recibido la influencia de Vega. Por poner ejemplos: Vetusta Morla, Sidonie o La Habitaci\u00f3n Roja. Los mejores momentos se acumularon al final: Manolo Garc\u00eda con <em>Esperando nada<\/em>, los tres Nacha Pop con <em>Atr\u00e1s<\/em> y la canci\u00f3n final, la inevitable <em>Chica de ayer<\/em>, con todos los participantes en el escenario. El concierto fue un par\u00e9ntesis de dos horas y media en estos once \u00faltimos meses sin Antonio. En cuanto que dejaron de sonar las guitarras, ya echabas otra vez de menos a Antonio Vega.<\/p>\n","protected":false},"excerpt":{"rendered":"<p>El homenaje al ex l\u00edder de Nacha Pop huye de la tristeza y se convierte en una gozosa fiesta. No, el momento m\u00e1s emocionante de la noche no fue cuando Miguel R\u00edos interpret\u00f3 Tesoros, aunque el veterano rockero le infundi\u00f3 br\u00edo a la pieza de Antonio Vega. Tampoco fue la aparici\u00f3n Ketama con Se dejaba<a class=\"moretag\" href=\"https:\/\/www.manologarciaycia.com\/?p=527\" title=\"\u00a1Alegr\u00eda para Antonio!\" target=\"_self\" rel=\"follow\"> <font face=arial size=2>[Leer m\u00e1s]<\/font> <\/a><\/p>\n","protected":false},"author":2,"featured_media":0,"comment_status":"closed","ping_status":"closed","sticky":false,"template":"","format":"standard","meta":{"footnotes":""},"categories":[1,23],"tags":[92],"class_list":["post-527","post","type-post","status-publish","format-standard","hentry","category-manolo-garcia","category-otros","tag-antonio-vega-manolo-garcia-concierto-homenaje"],"_links":{"self":[{"href":"https:\/\/www.manologarciaycia.com\/index.php?rest_route=\/wp\/v2\/posts\/527","targetHints":{"allow":["GET"]}}],"collection":[{"href":"https:\/\/www.manologarciaycia.com\/index.php?rest_route=\/wp\/v2\/posts"}],"about":[{"href":"https:\/\/www.manologarciaycia.com\/index.php?rest_route=\/wp\/v2\/types\/post"}],"author":[{"embeddable":true,"href":"https:\/\/www.manologarciaycia.com\/index.php?rest_route=\/wp\/v2\/users\/2"}],"replies":[{"embeddable":true,"href":"https:\/\/www.manologarciaycia.com\/index.php?rest_route=%2Fwp%2Fv2%2Fcomments&post=527"}],"version-history":[{"count":2,"href":"https:\/\/www.manologarciaycia.com\/index.php?rest_route=\/wp\/v2\/posts\/527\/revisions"}],"predecessor-version":[{"id":529,"href":"https:\/\/www.manologarciaycia.com\/index.php?rest_route=\/wp\/v2\/posts\/527\/revisions\/529"}],"wp:attachment":[{"href":"https:\/\/www.manologarciaycia.com\/index.php?rest_route=%2Fwp%2Fv2%2Fmedia&parent=527"}],"wp:term":[{"taxonomy":"category","embeddable":true,"href":"https:\/\/www.manologarciaycia.com\/index.php?rest_route=%2Fwp%2Fv2%2Fcategories&post=527"},{"taxonomy":"post_tag","embeddable":true,"href":"https:\/\/www.manologarciaycia.com\/index.php?rest_route=%2Fwp%2Fv2%2Ftags&post=527"}],"curies":[{"name":"wp","href":"https:\/\/api.w.org\/{rel}","templated":true}]}}