{"id":518,"date":"2010-03-30T09:18:12","date_gmt":"2010-03-30T08:18:12","guid":{"rendered":"http:\/\/petaos.net\/?p=518"},"modified":"2010-04-05T09:19:39","modified_gmt":"2010-04-05T08:19:39","slug":"manolo-g-miguel-rios-ketama-rosario-manolo-garcia-y-20-artistas-se-unen-para-gritar-%c2%a1viva-antonio","status":"publish","type":"post","link":"https:\/\/www.manologarciaycia.com\/?p=518","title":{"rendered":"Manolo G.: Miguel R\u00edos, Ketama, Rosario, Manolo Garc\u00eda y 20 artistas se unen para gritar \u00a1Viva Antonio!"},"content":{"rendered":"<p><img loading=\"lazy\" decoding=\"async\" class=\"aligncenter\" src=\"http:\/\/www.antoniovega.org\/vivaantonio\/cartel_70x100final.jpg\" alt=\"\" width=\"450\" height=\"315\" \/><\/p>\n<p style=\"text-align: center;\">http:\/\/www.antoniovega.org\/<\/p>\n<p><img loading=\"lazy\" decoding=\"async\" class=\"alignright\" src=\"http:\/\/www.los40.com\/recorte\/20100329l40l40not_3\/LCOC310\/Ies\/20100329l40l40not_3.jpg\" alt=\"\" width=\"310\" height=\"310\" \/><\/p>\n<p>El 9 de abril sus compa\u00f1eros, amigos y seguidores tienen una cita para ofrecer un tributo \u00fanico.<\/p>\n<p>Ser\u00e1 algo \u00fanico: porque m\u00e1s de 24 grandes artistas y amigos de Antonio Vega, pero sobre todo amigos, compa\u00f1eros y admiradores, se subir\u00e1n al escenario para dar un merecido homenaje el pr\u00f3ximo 9 de abril en Madrid; porque se retransmitir\u00e1 en directo en cines para todos sus admiradores en cualquier punto de Espa\u00f1a; y porque es la mejor forma de disfrutar de su legado, con sus canciones.<\/p>\n<p>Fuente: 40 Principales &#8211; Lourdes Moreno<\/p>\n<p>Este mediod\u00eda Nacho Garc\u00eda Vega, su hermano Carlos Vega y representantes de las instituciones que se han coordinado para que este tributo, ofrec\u00edan una rueda de prensa para presentar este \u00abevento \u00fanico\u00bb. Era su primo y componente de Nacha Pop, Nacho Garc\u00eda Vega, quien hac\u00eda referencia a la \u00abnecesidad de hacer un homenaje oficial\u00bb. El concierto que se est\u00e1 preparando cuenta con la presencia ya confirmada de Miguel R\u00edos, Ketama -el tr\u00edo se re\u00fane exclusivamente para este evento-, Manolo Garc\u00eda, Rosario, Pau Don\u00e9s, C\u00f3mplices, Burning, Quique Gonz\u00e1lez, Enrique Morente, Tam Tam Go!, Luis Eduardo Aute, Diego El Cigala, Shuarma, Mam\u00e1, Carlos Tarque, La Uni\u00f3n, Germ\u00e1n Coppini, Cristina Narea, Carlos Vega, Coque Malla, Coti, Aurora Beltr\u00e1n, Raimundor Amador, Nacha Pop, junto a la banda de Antonio Vega dirigida por Basilio Mart\u00ed. Aunque la organizaci\u00f3n no descarta que se sigan sumando m\u00e1s m\u00fasicos y amigos.<\/p>\n<p>El hermano del desaparecido artista, Carlos Vega, comentaba que este \u00abhomenaje limpio\u00bb es \u00abdesinteresado\u00bb y agradec\u00eda a los artistas su colaboraci\u00f3n \u00abapasionada\u00bb. Adem\u00e1s, los fondos que se recauden ir\u00e1n a parar a organizaciones en las que Antonio ya estaba comprometido como Interm\u00f3n o Escuelas de Nicaragua (Fundaci\u00f3n Margarita del R\u00edo) . Tambi\u00e9n, seg\u00fan su propio hermano ha avanzado, se crear\u00e1 una Fundaci\u00f3n Antonio Vega para apoyar a los m\u00fasicos.<\/p>\n<p>Sobre el espect\u00e1culo en s\u00ed pocos detalles se han desvelado. Se sabe que las canciones de Vega ser\u00e1 las que den sentido al acto, que cuenta con la producci\u00f3n de Carlos Narea, durante el cual se proyectar\u00e1n im\u00e1genes del artista, algunas de ellas in\u00e9ditas. Algunos artistas y amigos se encargar\u00e1n de conducir el evento lleno de sorpresas, para el que ya puedes conseguir tu entradas y para de los seguidores del poeta y m\u00fasico del resto de Espa\u00f1a, tambi\u00e9n podr\u00e1 seguirlo en directo ya que se retransmitir\u00e1 a trav\u00e9s de Yelmo Cineplex. No est\u00e1 previsto que se publique posteriormente un DVD, as\u00ed que, una raz\u00f3n m\u00e1s para disfrutar de este concierto excepcional.<\/p>\n","protected":false},"excerpt":{"rendered":"<p>http:\/\/www.antoniovega.org\/ El 9 de abril sus compa\u00f1eros, amigos y seguidores tienen una cita para ofrecer un tributo \u00fanico. Ser\u00e1 algo \u00fanico: porque m\u00e1s de 24 grandes artistas y amigos de Antonio Vega, pero sobre todo amigos, compa\u00f1eros y admiradores, se subir\u00e1n al escenario para dar un merecido homenaje el pr\u00f3ximo 9 de abril en Madrid;<a class=\"moretag\" href=\"https:\/\/www.manologarciaycia.com\/?p=518\" title=\"Manolo G.: Miguel R\u00edos, Ketama, Rosario, Manolo Garc\u00eda y 20 artistas se unen para gritar \u00a1Viva Antonio!\" target=\"_self\" rel=\"follow\"> <font face=arial size=2>[Leer m\u00e1s]<\/font> <\/a><\/p>\n","protected":false},"author":2,"featured_media":0,"comment_status":"closed","ping_status":"closed","sticky":false,"template":"","format":"standard","meta":{"footnotes":""},"categories":[1,23],"tags":[91],"class_list":["post-518","post","type-post","status-publish","format-standard","hentry","category-manolo-garcia","category-otros","tag-manolo-garcia-concierto-antonio-vega-viva-madrid"],"_links":{"self":[{"href":"https:\/\/www.manologarciaycia.com\/index.php?rest_route=\/wp\/v2\/posts\/518","targetHints":{"allow":["GET"]}}],"collection":[{"href":"https:\/\/www.manologarciaycia.com\/index.php?rest_route=\/wp\/v2\/posts"}],"about":[{"href":"https:\/\/www.manologarciaycia.com\/index.php?rest_route=\/wp\/v2\/types\/post"}],"author":[{"embeddable":true,"href":"https:\/\/www.manologarciaycia.com\/index.php?rest_route=\/wp\/v2\/users\/2"}],"replies":[{"embeddable":true,"href":"https:\/\/www.manologarciaycia.com\/index.php?rest_route=%2Fwp%2Fv2%2Fcomments&post=518"}],"version-history":[{"count":2,"href":"https:\/\/www.manologarciaycia.com\/index.php?rest_route=\/wp\/v2\/posts\/518\/revisions"}],"predecessor-version":[{"id":520,"href":"https:\/\/www.manologarciaycia.com\/index.php?rest_route=\/wp\/v2\/posts\/518\/revisions\/520"}],"wp:attachment":[{"href":"https:\/\/www.manologarciaycia.com\/index.php?rest_route=%2Fwp%2Fv2%2Fmedia&parent=518"}],"wp:term":[{"taxonomy":"category","embeddable":true,"href":"https:\/\/www.manologarciaycia.com\/index.php?rest_route=%2Fwp%2Fv2%2Fcategories&post=518"},{"taxonomy":"post_tag","embeddable":true,"href":"https:\/\/www.manologarciaycia.com\/index.php?rest_route=%2Fwp%2Fv2%2Ftags&post=518"}],"curies":[{"name":"wp","href":"https:\/\/api.w.org\/{rel}","templated":true}]}}