{"id":509,"date":"2010-05-20T07:07:19","date_gmt":"2010-05-20T06:07:19","guid":{"rendered":"http:\/\/petaos.net\/?p=509"},"modified":"2010-05-20T07:40:13","modified_gmt":"2010-05-20T06:40:13","slug":"carmen-nuevo-concierto-banda-al-completo","status":"publish","type":"post","link":"https:\/\/www.manologarciaycia.com\/?p=509","title":{"rendered":"Carmen: Concierto 21 Mayo Sitges (con Manolo Garc\u00eda)"},"content":{"rendered":"<p style=\"text-align: center;\">Os recordamos el concierto del pr\u00f3ximo 21 de Mayo en Sitges\u00a0grabando su quinto trabajo en directo. En este concierto contar\u00e1n con un colaborador muy especial para ellos, que har\u00e1 que este encuentro sea m\u00e1gico e irrepetible.<\/p>\n<p style=\"text-align: center;\"><img loading=\"lazy\" decoding=\"async\" class=\"size-full wp-image-510 aligncenter\" title=\"CarmenSitges\" src=\"http:\/\/petaos.net\/wp-content\/uploads\/2010\/03\/CarmenSitges.jpg\" alt=\"CarmenSitges\" width=\"347\" height=\"450\" srcset=\"https:\/\/www.manologarciaycia.com\/wp-content\/uploads\/2010\/03\/CarmenSitges.jpg 347w, https:\/\/www.manologarciaycia.com\/wp-content\/uploads\/2010\/03\/CarmenSitges-231x300.jpg 231w\" sizes=\"auto, (max-width: 347px) 100vw, 347px\" \/><\/p>\n<p style=\"text-align: center;\">CARMEN virus\u00a0 EN CONCIERTO: VIERNES 21 DE\u00a0MAYO 2010 &#8211; 23:00 h.<\/p>\n<p style=\"text-align: center;\">TEATRO\u00a0PRADO\u00a0&#8211; SALA EL CORRAL (C\/ FRANCESC GUM\u00c2, 12)\u00a0SITGES<\/p>\n<p style=\"text-align: center;\">ENTRADA\u00a010 \u20ac (<a href=\"http:\/\/www.servicaixa.com\/nav\/es\/musica\/sitges\/teatre_prado_-_sala_el_corral_082l\/carmen_virus\/index.html?loce=es-musica-cartelera\" target=\"_blank\">Telentrada<\/a> o <a href=\"http:\/\/www.ticktackticket.com\/entradas\/goto.do?claves=.29040&amp;origin=TTT\" target=\"_blank\">Ticktackticket<\/a>)<\/p>\n<p><strong>Fotograf\u00edas de los ensayos:<\/strong><\/p>\n<p style=\"text-align: center;\"><img loading=\"lazy\" decoding=\"async\" class=\"aligncenter\" src=\"http:\/\/sphotos.ak.fbcdn.net\/hphotos-ak-ash1\/hs329.ash1\/28627_1459431406663_1259743340_31275011_2188333_n.jpg\" alt=\"\" width=\"504\" height=\"378\" \/><\/p>\n<p style=\"text-align: center;\"><img loading=\"lazy\" decoding=\"async\" class=\"alignnone\" src=\"http:\/\/sphotos.ak.fbcdn.net\/hphotos-ak-sjc1\/hs299.snc3\/28627_1459431366662_1259743340_31275010_2993507_n.jpg\" alt=\"\" width=\"504\" height=\"378\" \/><\/p>\n<p>\u00abHola compa\u00f1eros\/as ! Por fin hacemos un concierto con toda la banda.Lo hemos conseguido! Nos hace una ilusi\u00f3n tremenda.\u00a0Ser\u00e1 en Sitges (Barcelona) en el Teatro Prado &#8211; Sala El corral el 21 de Mayo a las 23 h. Apuntaros!! Grabaremos un video y un cd. Ser\u00e1 una noche especial e irrepetible, lo intuimos!! Habr\u00e1 m\u00fasicos invitados que har\u00e1n que la noche a\u00fan sea m\u00e1s divertida y bonita (MANOLO GARC\u00cdA). Seguimos en el camino. Salud!!\u00bb<\/p>\n<p>Fuente: Carmen &#8211; (<a href=\"http:\/\/www.carmengarcia.net\">www.carmengarcia.net<\/a>)<\/p>\n","protected":false},"excerpt":{"rendered":"<p>Os recordamos el concierto del pr\u00f3ximo 21 de Mayo en Sitges\u00a0grabando su quinto trabajo en directo. En este concierto contar\u00e1n con un colaborador muy especial para ellos, que har\u00e1 que este encuentro sea m\u00e1gico e irrepetible. CARMEN virus\u00a0 EN CONCIERTO: VIERNES 21 DE\u00a0MAYO 2010 &#8211; 23:00 h. TEATRO\u00a0PRADO\u00a0&#8211; SALA EL CORRAL (C\/ FRANCESC GUM\u00c2, 12)\u00a0SITGES<a class=\"moretag\" href=\"https:\/\/www.manologarciaycia.com\/?p=509\" title=\"Carmen: Concierto 21 Mayo Sitges (con Manolo Garc\u00eda)\" target=\"_self\" rel=\"follow\"> <font face=arial size=2>[Leer m\u00e1s]<\/font> <\/a><\/p>\n","protected":false},"author":2,"featured_media":0,"comment_status":"closed","ping_status":"closed","sticky":false,"template":"","format":"standard","meta":{"footnotes":""},"categories":[24],"tags":[90],"class_list":["post-509","post","type-post","status-publish","format-standard","hentry","category-carmen-garcia","tag-carmen-garcia-virus-concierto-sitges-electrico"],"_links":{"self":[{"href":"https:\/\/www.manologarciaycia.com\/index.php?rest_route=\/wp\/v2\/posts\/509","targetHints":{"allow":["GET"]}}],"collection":[{"href":"https:\/\/www.manologarciaycia.com\/index.php?rest_route=\/wp\/v2\/posts"}],"about":[{"href":"https:\/\/www.manologarciaycia.com\/index.php?rest_route=\/wp\/v2\/types\/post"}],"author":[{"embeddable":true,"href":"https:\/\/www.manologarciaycia.com\/index.php?rest_route=\/wp\/v2\/users\/2"}],"replies":[{"embeddable":true,"href":"https:\/\/www.manologarciaycia.com\/index.php?rest_route=%2Fwp%2Fv2%2Fcomments&post=509"}],"version-history":[{"count":12,"href":"https:\/\/www.manologarciaycia.com\/index.php?rest_route=\/wp\/v2\/posts\/509\/revisions"}],"predecessor-version":[{"id":610,"href":"https:\/\/www.manologarciaycia.com\/index.php?rest_route=\/wp\/v2\/posts\/509\/revisions\/610"}],"wp:attachment":[{"href":"https:\/\/www.manologarciaycia.com\/index.php?rest_route=%2Fwp%2Fv2%2Fmedia&parent=509"}],"wp:term":[{"taxonomy":"category","embeddable":true,"href":"https:\/\/www.manologarciaycia.com\/index.php?rest_route=%2Fwp%2Fv2%2Fcategories&post=509"},{"taxonomy":"post_tag","embeddable":true,"href":"https:\/\/www.manologarciaycia.com\/index.php?rest_route=%2Fwp%2Fv2%2Ftags&post=509"}],"curies":[{"name":"wp","href":"https:\/\/api.w.org\/{rel}","templated":true}]}}