{"id":496,"date":"2010-03-26T13:30:47","date_gmt":"2010-03-26T12:30:47","guid":{"rendered":"http:\/\/petaos.net\/?p=496"},"modified":"2010-03-26T13:49:25","modified_gmt":"2010-03-26T12:49:25","slug":"eudlf-version-de-a-jazmin-en-nuevo-disco-de-maria-de-medeiros","status":"publish","type":"post","link":"https:\/\/www.manologarciaycia.com\/?p=496","title":{"rendered":"EUDLF: Versi\u00f3n de &#8216;A Jazm\u00edn&#8217; en nuevo disco de Mar\u00eda de Medeiros"},"content":{"rendered":"<p style=\"text-align: center;\"><object id=\"Player\" classid=\"clsid:d27cdb6e-ae6d-11cf-96b8-444553540000\" width=\"400\" height=\"401\" codebase=\"http:\/\/download.macromedia.com\/pub\/shockwave\/cabs\/flash\/swflash.cab#version=6,0,40,0\"><param name=\"quality\" value=\"high\" \/><param name=\"bgcolor\" value=\"#ffffff\" \/><param name=\"wmode\" value=\"transparent\" \/><param name=\"allowScriptAccess\" value=\"sameDomain\" \/><param name=\"allowFullScreen\" value=\"true\" \/><param name=\"flashvars\" value=\"_widget_data=3332c74573c6030b422ea857fb3c2fa19fcc1824884423bec8ee49036ff435bbef231ce7ef6a8109b5818770cb3daf89e95b6b344c75c6797ba3f43461b5ebf20e&amp;_sizeWidget=BIG\" \/><param name=\"src\" value=\"http:\/\/www.widgets.lasexta.com\/LSWEmbebido\/embebed\/main.swf\" \/><param name=\"name\" value=\"Player\" \/><param name=\"align\" value=\"middle\" \/><param name=\"allowfullscreen\" value=\"true\" \/><embed id=\"Player\" type=\"application\/x-shockwave-flash\" width=\"400\" height=\"401\" src=\"http:\/\/www.widgets.lasexta.com\/LSWEmbebido\/embebed\/main.swf\" allowfullscreen=\"true\" allowscriptaccess=\"sameDomain\" bgcolor=\"#ffffff\" align=\"middle\" wmode=\"transparent\" flashvars=\"_widget_data=3332c74573c6030b422ea857fb3c2fa19fcc1824884423bec8ee49036ff435bbef231ce7ef6a8109b5818770cb3daf89e95b6b344c75c6797ba3f43461b5ebf20e&amp;_sizeWidget=BIG\" quality=\"high\" name=\"Player\"><\/embed><\/object><\/p>\n<p><em>Maria de Medeiros canta en Lisboa y Gaia en Abril, y edita su nuevo disco en Marzo. La afamada Actriz y Cantante edita \u00abPen\u00ednsulas &amp; Continentes\u00bb, disco en portugu\u00eas, espa\u00f1ol, italiano, catal\u00e0, ingl\u00e9s y otros idiomas.<\/em>\u00a0<\/p>\n<p>Maria de Medeiros presentar\u00e1 su nuevo \u00e1lbum \u00abPen\u00ednsulas &amp; Continentes\u00bb en directo en \u00abCinema S\u00e3o Jorge\u00bb de Lisboa y en el Audit\u00f3rio Municipal de Gaia respectivamente los dias 7 y 8 de Abril. El nuevo \u00e1lbum de Mar\u00eda de Medeiros contiene canciones de El \u00daltimo de la Fila, Raimon, Victor Jara y m\u00e1s:<\/p>\n<p>1. La dolce vita (Nino Rota)<br \/>\n2. N\u00e3o vais contar (S\u00e9rgio Godinho)<br \/>\n3. O homem voltou (Zeca Afonso)<br \/>\n4. Muxima (Duo Ouro Negro)<br \/>\n5. Quem \u00e0 janela (Am\u00e9lia Muge)<br \/>\n<em>6. A jazmin (El Ultimo de la fila)<br \/>\n<\/em>7. Epigrama (Toti Soler\/Joan Salvat Papasseit)<br \/>\n8. Il padrino (Nino Rota)<br \/>\n9. Tudo por acaso (Lenine)<br \/>\n10. Paz, poeta e pombas (Zeca Afonso)<br \/>\n11. Che scherzi fa l&#8217;amore (Nino Rota)<br \/>\n12. A velha Chica (Valdemar Bastos)<br \/>\n13. Te recuerdo Amanda (V\u00edctor Jara)<br \/>\n14. Coro da primavera (Zeca Afonso)<br \/>\n15. Aixi com cell qui es veu prop de la mort (Raimon\/Ausias March)<\/p>\n<p>Gracias <strong>Nuno<\/strong> por la noticia! Pincha en Leer Mas para ver\u00a0una entrevista\/noticia de Publico.es. Por cierto hoy, 26 Marzo 2010, Mar\u00eda actua en Barcelona. <a href=\"http:\/\/www.mariademedeiros.net\/\">http:\/\/www.mariademedeiros.net\/<\/a>\u00a0&#8211; Video BFN (<a href=\"http:\/\/www.buenafuente.lasexta.com\/seccion\/ver\/actuaciones\/181\/maria_de_medeiros__en_directo\/145932\" target=\"_blank\">enlace<\/a>)<\/p>\n<p>Portuguesa universal de inquietudes m\u00faltiples y serena mirada, Maria de Medeiros se empe\u00f1a en \u00abintegrar la actuaci\u00f3n en la m\u00fasica\u00bb con su segundo \u00e1lbum \u00abPen\u00ednsulas &amp; Continentes\u00bb, en el que hace un viaje transatl\u00e1ntico a trav\u00e9s de quince cortometrajes sonoros.<\/p>\n<p>Nacida en el seno de una familia de intelectuales, los conceptos cosmopolita y pol\u00edglota corren por sus venas. En el cine ha interpretado en ingl\u00e9s, franc\u00e9s, portugu\u00e9s, espa\u00f1ol -\u00ab\u00a1Y este a\u00f1o lo har\u00e9 en ruso!\u00bb, desvela sorprendida-, y as\u00ed lo hace tambi\u00e9n en la m\u00fasica.<\/p>\n<p>Maria de Medeiros recoge \u00abecos transatl\u00e1nticos\u00bb en su nuevo disco, que edita Universal y que ya est\u00e1 a la venta, e incide en las melod\u00edas de las pen\u00ednsulas Ib\u00e9rica e It\u00e1lica y en los continentes americano y africano.<\/p>\n<p>\u00abEs adem\u00e1s un viaje en el tiempo\u00bb, recuerda la actriz y cantante acerca de su nuevo repertorio, que incluye poemas del siglo XV y composiciones actuales y que se detiene en pa\u00edses que visit\u00f3 durante la anterior gira con su banda, donde en cada escenario invitaba a m\u00fasicos locales a tocar con ellos.<\/p>\n<p>Estas \u00abPen\u00ednsulas &amp; continentes\u00bb son en definitiva \u00abuna selecci\u00f3n afectiva\u00bb de todo aquello que admira como mel\u00f3mana, por ello incluye \u00abA jazm\u00edn\u00bb -canci\u00f3n de El \u00faltimo de la fila de la que se enamor\u00f3 cuando rod\u00f3 en Espa\u00f1a para Bigas Luna \u00abHuevos de oro\u00bb, hace casi veinte a\u00f1os-, o el \u00abTe recuerdo Amanda\u00bb de V\u00edctor Jara, siempre presente \u00abcomo buena hija de la revoluci\u00f3n de los claveles que soy\u00bb, responde la lisboeta.<\/p>\n<p>Debut\u00f3 en el mundo discogr\u00e1fico hace tres a\u00f1os con \u00abA little more blue\u00bb, un disco centrado en canciones inspiradas en la resistencia militar brasile\u00f1a. En esta ocasi\u00f3n su motivaci\u00f3n ha sido \u00abalgo m\u00e1s hedonista, analizando c\u00f3mo espacios tan lejanos comparten influencias mutuas\u00bb.<\/p>\n<p>Montreal -20 de febrero-, Barcelona -26 de marzo-, Lisboa -7 de abril-, Oporto -8 de abril- y Par\u00eds -12 de abril- son las primeras ciudades donde dar\u00e1 a conocer sus nuevas canciones sobre un escenario.<\/p>\n<p>An\u00f3nimas melod\u00edas angole\u00f1as se encuentran en un mismo \u00e1lbum con otras m\u00e1s c\u00e9lebres, como el tema principal de la banda sonora de \u00abEl Padrino\u00bb, compuesta por Nino Rota y que \u00abejemplifica la conquista de la cultura italiana en Hollywood\u00bb.<\/p>\n<p>\u00abDe peque\u00f1a odiaba esa canci\u00f3n -recuerda-, pero supongo que es como el caviar, una de esas cosas que aprendes a apreciar a medida que te vas haciendo mayor. Despu\u00e9s descubr\u00ed en ella su sensualidad y, al grabarla, quer\u00eda recrear con mi voz y con los arreglos el olor a cigarro y a whisky que tan bien rod\u00f3 Coppola\u00bb.<\/p>\n<p>Y es que ha sido el cine el que ha animado a Maria de Medeiros a abordar sus propios trabajos discogr\u00e1ficos, tras a\u00f1os cantando para sus personajes. Ahora interpreta \u00abpeque\u00f1os personajes en cada canci\u00f3n\u00bb.<\/p>\n<p>Recuerda el fado que Juanma Bajo Ulloa le hizo defender en \u00abAirbag\u00bb -\u00abaunque no ten\u00eda ni idea de c\u00f3mo cantarlo y me daba mucha verg\u00fcenza\u00bb, apunta- y considera que ha sido el cineasta canadiense Guy Maddin quien mejor le ha hecho cantar en la gran pantalla, en \u00abLa m\u00fasica m\u00e1s triste del mundo\u00bb (2004).<\/p>\n<p>Y es que ser hija de una periodista pol\u00edtica imprime car\u00e1cter: \u00abDe ah\u00ed he heredado una insaciable curiosidad por las cosas que intento aliviar con mi profesi\u00f3n\u00bb, destaca.<\/p>\n<p>El que su padre sea compositor musical le \u00abintimidaba\u00bb a la hora de convertirse en cantante, \u00abpero es muy ben\u00e9volo conmigo\u00bb, afirma sonriente.<\/p>\n<p>La actriz, que gracias a Quentin Tarantino comparti\u00f3 plano con Bruce Willis en \u00abPulp Fiction\u00bb (1994) el mismo a\u00f1o que gan\u00f3 una Copa Volpi en el Festival de Venecia por \u00abTr\u00eas Irm\u00e3os\u00bb, celebra haber sido reconocida en todos los proyectos que ha emprendido, tras ser considerada Artista por la Paz por la Unesco.<\/p>\n<p>\u00abMe siento afortunada, aunque no suelo trabajar con la idea del reconocimiento en la cabeza. De todos modos, ojal\u00e1 sea as\u00ed tambi\u00e9n con mis canciones\u00bb, espera.<\/p>\n","protected":false},"excerpt":{"rendered":"<p>Maria de Medeiros canta en Lisboa y Gaia en Abril, y edita su nuevo disco en Marzo. La afamada Actriz y Cantante edita \u00abPen\u00ednsulas &amp; Continentes\u00bb, disco en portugu\u00eas, espa\u00f1ol, italiano, catal\u00e0, ingl\u00e9s y otros idiomas.\u00a0 Maria de Medeiros presentar\u00e1 su nuevo \u00e1lbum \u00abPen\u00ednsulas &amp; Continentes\u00bb en directo en \u00abCinema S\u00e3o Jorge\u00bb de Lisboa y<a class=\"moretag\" href=\"https:\/\/www.manologarciaycia.com\/?p=496\" title=\"EUDLF: Versi\u00f3n de &#8216;A Jazm\u00edn&#8217; en nuevo disco de Mar\u00eda de Medeiros\" target=\"_self\" rel=\"follow\"> <font face=arial size=2>[Leer m\u00e1s]<\/font> <\/a><\/p>\n","protected":false},"author":2,"featured_media":0,"comment_status":"closed","ping_status":"closed","sticky":false,"template":"","format":"standard","meta":{"footnotes":""},"categories":[3],"tags":[88],"class_list":["post-496","post","type-post","status-publish","format-standard","hentry","category-el-ultimo-de-la-fila","tag-ultimo-fila-version-cover-maria-medeiros-portuges-disco-nuevo-2010-jazmin"],"_links":{"self":[{"href":"https:\/\/www.manologarciaycia.com\/index.php?rest_route=\/wp\/v2\/posts\/496","targetHints":{"allow":["GET"]}}],"collection":[{"href":"https:\/\/www.manologarciaycia.com\/index.php?rest_route=\/wp\/v2\/posts"}],"about":[{"href":"https:\/\/www.manologarciaycia.com\/index.php?rest_route=\/wp\/v2\/types\/post"}],"author":[{"embeddable":true,"href":"https:\/\/www.manologarciaycia.com\/index.php?rest_route=\/wp\/v2\/users\/2"}],"replies":[{"embeddable":true,"href":"https:\/\/www.manologarciaycia.com\/index.php?rest_route=%2Fwp%2Fv2%2Fcomments&post=496"}],"version-history":[{"count":10,"href":"https:\/\/www.manologarciaycia.com\/index.php?rest_route=\/wp\/v2\/posts\/496\/revisions"}],"predecessor-version":[{"id":506,"href":"https:\/\/www.manologarciaycia.com\/index.php?rest_route=\/wp\/v2\/posts\/496\/revisions\/506"}],"wp:attachment":[{"href":"https:\/\/www.manologarciaycia.com\/index.php?rest_route=%2Fwp%2Fv2%2Fmedia&parent=496"}],"wp:term":[{"taxonomy":"category","embeddable":true,"href":"https:\/\/www.manologarciaycia.com\/index.php?rest_route=%2Fwp%2Fv2%2Fcategories&post=496"},{"taxonomy":"post_tag","embeddable":true,"href":"https:\/\/www.manologarciaycia.com\/index.php?rest_route=%2Fwp%2Fv2%2Ftags&post=496"}],"curies":[{"name":"wp","href":"https:\/\/api.w.org\/{rel}","templated":true}]}}