{"id":487,"date":"2010-03-20T08:47:52","date_gmt":"2010-03-20T07:47:52","guid":{"rendered":"http:\/\/petaos.net\/?p=487"},"modified":"2010-03-20T08:47:52","modified_gmt":"2010-03-20T07:47:52","slug":"manolo-garcia-exposicion-fotografica-en-caceres","status":"publish","type":"post","link":"https:\/\/www.manologarciaycia.com\/?p=487","title":{"rendered":"Manolo Garc\u00eda: Exposici\u00f3n Fotogr\u00e1fica en C\u00e1ceres"},"content":{"rendered":"<p>El Palacio de Carvajal de C\u00e1ceres acoge la exposici\u00f3n &#8216;Saldremos la lluvia&#8217; de Manolo Garc\u00eda y Jos\u00e9 Mar\u00eda Ben\u00edtez.<\/p>\n<p><img loading=\"lazy\" decoding=\"async\" class=\"alignleft\" src=\"http:\/\/img.europapress.es\/fotoweb\/fotonoticia_20100318132947.jpg\" alt=\"\" width=\"250\" height=\"188\" \/>El Palacio de Carvajal de C\u00e1ceres, sede del Patronato de Turismo de la  Diputaci\u00f3n Provincial, acoge desde hoy y hasta el pr\u00f3ximo 15 de abril una  muestra de fotos titulada &#8216;Saldremos a la lluvia&#8217; que han realizado el fot\u00f3grafo  extreme\u00f1o Jos\u00e9 Mar\u00eda Ben\u00edtez y el cantante Manolo Garc\u00eda.<\/p>\n<p> Gracias Lavris. Fuente: EuropaPress.<\/p>\n<p>Se trata de unas 50 im\u00e1genes, 25 de cada artista, que promueven los  valores culturales y la biodiversidad, y cuyo objetivo es, seg\u00fan explic\u00f3 el  propio Jos\u00e9 Mar\u00eda Ben\u00edtez en rueda de prensa, \u00abcontribuir a ampliar el concepto  de patrimonio y riqueza medioambiental y convivir con ella\u00bb.<\/p>\n<p>Algunas de las im\u00e1genes fueron tomadas por el cantante durante la  preparaci\u00f3n de su \u00faltimo disco, del mismo t\u00edtulo que la muestra, en pa\u00edses como  Estados Unidos, M\u00e9xico o Argentina, y muestran, en blanco y negro, las diversas  culturas y las sensaciones que le inspiran otras gentes.<\/p>\n<p>El resto de la exposici\u00f3n est\u00e1 configurada por las obras de Jos\u00e9 Mar\u00eda  Ben\u00edtez, y se trata del material gr\u00e1fico que ha acompa\u00f1ado a la gira del  cantante en Espa\u00f1a, proyect\u00e1ndose en sus conciertos, apoyando y transmitiendo el  mensaje conservacionista que difunde el disco.<\/p>\n<p>Cabe recordar que incluso la portada del disco, que es la foto de un zorro  en primer plano, es obra del autor extreme\u00f1o y se puede ver ahora en el Palacio  de Carvajal, junto a las otras im\u00e1genes, en horario de lunes a viernes, de 8,00  a 20,00 horas; los s\u00e1bados, de 10,00 a 13,30 horas y de 17,00 a 19,30 horas; y  los domingos de 10,00 a13,30 horas.<\/p>\n","protected":false},"excerpt":{"rendered":"<p>El Palacio de Carvajal de C\u00e1ceres acoge la exposici\u00f3n &#8216;Saldremos la lluvia&#8217; de Manolo Garc\u00eda y Jos\u00e9 Mar\u00eda Ben\u00edtez. El Palacio de Carvajal de C\u00e1ceres, sede del Patronato de Turismo de la Diputaci\u00f3n Provincial, acoge desde hoy y hasta el pr\u00f3ximo 15 de abril una muestra de fotos titulada &#8216;Saldremos a la lluvia&#8217; que han<a class=\"moretag\" href=\"https:\/\/www.manologarciaycia.com\/?p=487\" title=\"Manolo Garc\u00eda: Exposici\u00f3n Fotogr\u00e1fica en C\u00e1ceres\" target=\"_self\" rel=\"follow\"> <font face=arial size=2>[Leer m\u00e1s]<\/font> <\/a><\/p>\n","protected":false},"author":2,"featured_media":0,"comment_status":"closed","ping_status":"closed","sticky":false,"template":"","format":"standard","meta":{"footnotes":""},"categories":[1],"tags":[86],"class_list":["post-487","post","type-post","status-publish","format-standard","hentry","category-manolo-garcia","tag-manolo-garcia-exposicion-fotografia-jose-maria-benitez-caceres"],"_links":{"self":[{"href":"https:\/\/www.manologarciaycia.com\/index.php?rest_route=\/wp\/v2\/posts\/487","targetHints":{"allow":["GET"]}}],"collection":[{"href":"https:\/\/www.manologarciaycia.com\/index.php?rest_route=\/wp\/v2\/posts"}],"about":[{"href":"https:\/\/www.manologarciaycia.com\/index.php?rest_route=\/wp\/v2\/types\/post"}],"author":[{"embeddable":true,"href":"https:\/\/www.manologarciaycia.com\/index.php?rest_route=\/wp\/v2\/users\/2"}],"replies":[{"embeddable":true,"href":"https:\/\/www.manologarciaycia.com\/index.php?rest_route=%2Fwp%2Fv2%2Fcomments&post=487"}],"version-history":[{"count":1,"href":"https:\/\/www.manologarciaycia.com\/index.php?rest_route=\/wp\/v2\/posts\/487\/revisions"}],"predecessor-version":[{"id":488,"href":"https:\/\/www.manologarciaycia.com\/index.php?rest_route=\/wp\/v2\/posts\/487\/revisions\/488"}],"wp:attachment":[{"href":"https:\/\/www.manologarciaycia.com\/index.php?rest_route=%2Fwp%2Fv2%2Fmedia&parent=487"}],"wp:term":[{"taxonomy":"category","embeddable":true,"href":"https:\/\/www.manologarciaycia.com\/index.php?rest_route=%2Fwp%2Fv2%2Fcategories&post=487"},{"taxonomy":"post_tag","embeddable":true,"href":"https:\/\/www.manologarciaycia.com\/index.php?rest_route=%2Fwp%2Fv2%2Ftags&post=487"}],"curies":[{"name":"wp","href":"https:\/\/api.w.org\/{rel}","templated":true}]}}