{"id":4563,"date":"2013-01-10T15:32:22","date_gmt":"2013-01-10T14:32:22","guid":{"rendered":"http:\/\/www.manologarciaycia.com\/?p=4563"},"modified":"2013-01-11T11:34:53","modified_gmt":"2013-01-11T10:34:53","slug":"mg-a-la-venta-calendario-solidario-fundacion-icaro","status":"publish","type":"post","link":"https:\/\/www.manologarciaycia.com\/?p=4563","title":{"rendered":"MG: A la venta calendario solidario Fundaci\u00f3n \u00cdcaro"},"content":{"rendered":"<p>Ya a la venta el calendario de Fundaci\u00f3n \u00cdcaro:<\/p>\n<p style=\"text-align: center;\"><img loading=\"lazy\" decoding=\"async\" class=\"aligncenter\" alt=\"\" src=\"https:\/\/fbcdn-sphotos-f-a.akamaihd.net\/hphotos-ak-ash3\/72504_302850683150878_177659886_n.jpg\" width=\"576\" height=\"411\" \/><\/p>\n<p>\u00abLleno de esperanza,algo que ahora necesitamos mas que nunca, es para ponerlo en la pared, y cada vez que estemos abatidos, mirarlo, y pensar, que si ese ni\u00f1o que aparece en la foto ha sido capaz de albergar tanta esperanza e ilusi\u00f3n hasta conseguir superar su estado, \u00bfquienes somos nosotros, para no ser capaces de generar la suficiente esperanza para salir de nuestra situaci\u00f3n?\u00bb<\/p>\n<p>Venta en: <a href=\"http:\/\/www.fundacionicaro.org\/index.php?option=com_facileforms&amp;Itemid=86\" target=\"_new\">Fundaci\u00f3n \u00cdcaro<\/a><\/p>\n","protected":false},"excerpt":{"rendered":"<p>Ya a la venta el calendario de Fundaci\u00f3n \u00cdcaro: \u00abLleno de esperanza,algo que ahora necesitamos mas que nunca, es para ponerlo en la pared, y cada vez que estemos abatidos, mirarlo, y pensar, que si ese ni\u00f1o que aparece en la foto ha sido capaz de albergar tanta esperanza e ilusi\u00f3n hasta conseguir superar su<a class=\"moretag\" href=\"https:\/\/www.manologarciaycia.com\/?p=4563\" title=\"MG: A la venta calendario solidario Fundaci\u00f3n \u00cdcaro\" target=\"_self\" rel=\"follow\"> <font face=arial size=2>[Leer m\u00e1s]<\/font> <\/a><\/p>\n","protected":false},"author":2,"featured_media":0,"comment_status":"closed","ping_status":"closed","sticky":false,"template":"","format":"standard","meta":{"footnotes":""},"categories":[1,23],"tags":[],"class_list":["post-4563","post","type-post","status-publish","format-standard","hentry","category-manolo-garcia","category-otros"],"_links":{"self":[{"href":"https:\/\/www.manologarciaycia.com\/index.php?rest_route=\/wp\/v2\/posts\/4563","targetHints":{"allow":["GET"]}}],"collection":[{"href":"https:\/\/www.manologarciaycia.com\/index.php?rest_route=\/wp\/v2\/posts"}],"about":[{"href":"https:\/\/www.manologarciaycia.com\/index.php?rest_route=\/wp\/v2\/types\/post"}],"author":[{"embeddable":true,"href":"https:\/\/www.manologarciaycia.com\/index.php?rest_route=\/wp\/v2\/users\/2"}],"replies":[{"embeddable":true,"href":"https:\/\/www.manologarciaycia.com\/index.php?rest_route=%2Fwp%2Fv2%2Fcomments&post=4563"}],"version-history":[{"count":2,"href":"https:\/\/www.manologarciaycia.com\/index.php?rest_route=\/wp\/v2\/posts\/4563\/revisions"}],"predecessor-version":[{"id":4644,"href":"https:\/\/www.manologarciaycia.com\/index.php?rest_route=\/wp\/v2\/posts\/4563\/revisions\/4644"}],"wp:attachment":[{"href":"https:\/\/www.manologarciaycia.com\/index.php?rest_route=%2Fwp%2Fv2%2Fmedia&parent=4563"}],"wp:term":[{"taxonomy":"category","embeddable":true,"href":"https:\/\/www.manologarciaycia.com\/index.php?rest_route=%2Fwp%2Fv2%2Fcategories&post=4563"},{"taxonomy":"post_tag","embeddable":true,"href":"https:\/\/www.manologarciaycia.com\/index.php?rest_route=%2Fwp%2Fv2%2Ftags&post=4563"}],"curies":[{"name":"wp","href":"https:\/\/api.w.org\/{rel}","templated":true}]}}