{"id":452,"date":"2010-03-11T08:51:22","date_gmt":"2010-03-11T07:51:22","guid":{"rendered":"http:\/\/petaos.net\/?p=452"},"modified":"2010-03-11T13:00:10","modified_gmt":"2010-03-11T12:00:10","slug":"carmen-fotos-del-concierto-de-madrid-6310","status":"publish","type":"post","link":"https:\/\/www.manologarciaycia.com\/?p=452","title":{"rendered":"Carmen: Fotos del concierto de Madrid (6\/3\/10)"},"content":{"rendered":"<p><img loading=\"lazy\" decoding=\"async\" class=\"alignleft\" src=\"http:\/\/img12.imageshack.us\/img12\/566\/25216391083491334688606.jpg\" alt=\"\" width=\"241\" height=\"320\" \/>Lavris\u00a0ha colgado en Facebook unas estupendas fotos del concierto de Carmen en Madrid del pasado 6\/3\/10, en el que estuvo participando Manolo Garc\u00eda.<\/p>\n<p>Aqu\u00ed el enlace a la Galer\u00eda: <a href=\"http:\/\/petaos.net\/?page_id=16#CarmenMadrid\" target=\"_self\">ENLACE<\/a><\/p>\n<p>Gracias! Salut!<\/p>\n","protected":false},"excerpt":{"rendered":"<p>Lavris\u00a0ha colgado en Facebook unas estupendas fotos del concierto de Carmen en Madrid del pasado 6\/3\/10, en el que estuvo participando Manolo Garc\u00eda. Aqu\u00ed el enlace a la Galer\u00eda: ENLACE Gracias! Salut!<a class=\"moretag\" href=\"https:\/\/www.manologarciaycia.com\/?p=452\" title=\"Carmen: Fotos del concierto de Madrid (6\/3\/10)\" target=\"_self\" rel=\"follow\"> <font face=arial size=2>[Leer m\u00e1s]<\/font> <\/a><\/p>\n","protected":false},"author":2,"featured_media":0,"comment_status":"closed","ping_status":"closed","sticky":false,"template":"","format":"standard","meta":{"footnotes":""},"categories":[24,1],"tags":[82],"class_list":["post-452","post","type-post","status-publish","format-standard","hentry","category-carmen-garcia","category-manolo-garcia","tag-carmen-manolo-garcia-concierto-directo-madrid"],"_links":{"self":[{"href":"https:\/\/www.manologarciaycia.com\/index.php?rest_route=\/wp\/v2\/posts\/452","targetHints":{"allow":["GET"]}}],"collection":[{"href":"https:\/\/www.manologarciaycia.com\/index.php?rest_route=\/wp\/v2\/posts"}],"about":[{"href":"https:\/\/www.manologarciaycia.com\/index.php?rest_route=\/wp\/v2\/types\/post"}],"author":[{"embeddable":true,"href":"https:\/\/www.manologarciaycia.com\/index.php?rest_route=\/wp\/v2\/users\/2"}],"replies":[{"embeddable":true,"href":"https:\/\/www.manologarciaycia.com\/index.php?rest_route=%2Fwp%2Fv2%2Fcomments&post=452"}],"version-history":[{"count":6,"href":"https:\/\/www.manologarciaycia.com\/index.php?rest_route=\/wp\/v2\/posts\/452\/revisions"}],"predecessor-version":[{"id":463,"href":"https:\/\/www.manologarciaycia.com\/index.php?rest_route=\/wp\/v2\/posts\/452\/revisions\/463"}],"wp:attachment":[{"href":"https:\/\/www.manologarciaycia.com\/index.php?rest_route=%2Fwp%2Fv2%2Fmedia&parent=452"}],"wp:term":[{"taxonomy":"category","embeddable":true,"href":"https:\/\/www.manologarciaycia.com\/index.php?rest_route=%2Fwp%2Fv2%2Fcategories&post=452"},{"taxonomy":"post_tag","embeddable":true,"href":"https:\/\/www.manologarciaycia.com\/index.php?rest_route=%2Fwp%2Fv2%2Ftags&post=452"}],"curies":[{"name":"wp","href":"https:\/\/api.w.org\/{rel}","templated":true}]}}