{"id":437,"date":"2010-03-09T08:35:02","date_gmt":"2010-03-09T07:35:02","guid":{"rendered":"http:\/\/petaos.net\/?p=437"},"modified":"2010-03-09T16:26:14","modified_gmt":"2010-03-09T15:26:14","slug":"manolo-garcia-en-la-gala-premios-pie-derecho-cadena-100","status":"publish","type":"post","link":"https:\/\/www.manologarciaycia.com\/?p=437","title":{"rendered":"Manolo Garc\u00eda: en la Gala Premios Pie Derecho Cadena 100"},"content":{"rendered":"<p style=\"TEXT-ALIGN: left\"><img loading=\"lazy\" decoding=\"async\" class=\"alignleft\" src=\"http:\/\/img689.imageshack.us\/img689\/622\/26215395172633915121036.jpg\" alt=\"\" width=\"228\" height=\"320\" \/>Os dejo unas fotos\u00a0de la presencia de Manolo Garc\u00eda en la Gala Premios Pie Derecho 2010, en la cual entreg\u00f3 un premio a Jos\u00e9 Luis Herrera, violinista.<\/p>\n<p style=\"TEXT-ALIGN: left\">Dentro os dejo la bonita historia de Jos\u00e9 Luis Herrera.<\/p>\n<p style=\"TEXT-ALIGN: left\">Os pongo aqu\u00ed tambien el v\u00eddeo de la &#8216;alfombra roja&#8217; (previo), con la aparici\u00f3n de Manolo y otro v\u00eddeo con la aparici\u00f3n en la Gala de Manolo para entregar el premio a Jos\u00e9 Luis.<\/p>\n<p style=\"TEXT-ALIGN: left\">Tambi\u00e9n ten\u00e9is dentro de la noticia los v\u00eddeos completos.<\/p>\n<p style=\"TEXT-ALIGN: left\">\u00a0\u00a0<\/p>\n<p style=\"TEXT-ALIGN: left\"><object classid=\"clsid:d27cdb6e-ae6d-11cf-96b8-444553540000\" width=\"480\" height=\"385\" codebase=\"http:\/\/download.macromedia.com\/pub\/shockwave\/cabs\/flash\/swflash.cab#version=6,0,40,0\"><param name=\"allowFullScreen\" value=\"true\" \/><param name=\"allowscriptaccess\" value=\"always\" \/><param name=\"src\" value=\"http:\/\/www.youtube.com\/v\/PsLLi5o-cHA&amp;hl=es_ES&amp;fs=1&amp;\" \/><param name=\"allowfullscreen\" value=\"true\" \/><embed type=\"application\/x-shockwave-flash\" width=\"480\" height=\"385\" src=\"http:\/\/www.youtube.com\/v\/PsLLi5o-cHA&amp;hl=es_ES&amp;fs=1&amp;\" allowfullscreen=\"true\" allowscriptaccess=\"always\"><\/embed><\/object><\/p>\n<p style=\"TEXT-ALIGN: left\">\u00a0<object classid=\"clsid:d27cdb6e-ae6d-11cf-96b8-444553540000\" width=\"480\" height=\"385\" codebase=\"http:\/\/download.macromedia.com\/pub\/shockwave\/cabs\/flash\/swflash.cab#version=6,0,40,0\"><param name=\"allowFullScreen\" value=\"true\" \/><param name=\"allowscriptaccess\" value=\"always\" \/><param name=\"src\" value=\"http:\/\/www.youtube.com\/v\/PagXHdUcObI&amp;hl=es_ES&amp;fs=1&amp;\" \/><param name=\"allowfullscreen\" value=\"true\" \/><embed type=\"application\/x-shockwave-flash\" width=\"480\" height=\"385\" src=\"http:\/\/www.youtube.com\/v\/PagXHdUcObI&amp;hl=es_ES&amp;fs=1&amp;\" allowfullscreen=\"true\" allowscriptaccess=\"always\"><\/embed><\/object><\/p>\n<p style=\"TEXT-ALIGN: left\">Historia del premio y las fotos de Manolo en la gala. Fuente: Cadena 100.\u00a0<\/p>\n<p style=\"text-align: center;\"><img loading=\"lazy\" decoding=\"async\" class=\"aligncenter\" src=\"http:\/\/photos-f.ak.fbcdn.net\/hphotos-ak-snc3\/hs458.snc3\/26215_395172633915_12103683915_5135035_3821874_n.jpg\" alt=\"\" width=\"514\" height=\"720\" \/><\/p>\n<p>EN 1931 NO HAB\u00cdA TIEMPO PARA LA M\u00daSICA. AUNQUE JOSE LUIS ENCONTRABA LA CALMA EN EL SONIDO DE UNA GRAMOLA. EL PRIMERO DE TRES HERMANOS, Y SIEMPRE DESTAC\u00d3 POR APRECIAR MELOD\u00cdAS DONDE APENAS HAB\u00cdA UN LAMENTO. A MEDIDA QUE CREC\u00cdA, DESARROLL\u00d3 UN ESPECIAL CARI\u00d1O POR EL VIOLIN.<br \/>\nEL AFECTO SE TORN\u00d3 VIRTUD, Y DECIDI\u00d3 DEDICAR SU VIDA A FROTAR ESAS CUERDAS CON UN ARCO DE CRINES.<\/p>\n<p>NINGUNA PIEZA ERA DEMASIADO COMPLEJA PARA SUS MANOS.\u00a0 LAS NOTAS ESTABAN ESCONDIDAS EN CLAVE DE SOL, Y APAREC\u00cdAN A TRAV\u00c9S DE SUS DEDOS PARA LOS ARTISTAS M\u00c1S IMPORTANTES DEL MOMENTO.<br \/>\nUN DIA, SUS MANOS DEJARON DE SER SUYAS. LA M\u00daSICA SONABA M\u00c1S TRISTE DE LO NORMAL. M\u00c1S LENTA DE LO DEBIDO\u2026<\/p>\n<p>LE DIAGNOSTICARON P\u00c1RKINSON.\u00a0 Y LO QUE HABRIA SUPUESTO EL FIN DE CUALQUIER M\u00daSICO, RESULT\u00d3 EL INICIO DE UNA EXPERIENCIA SI CABE M\u00c1S IMPORTANTE. CON SU ESPOSA BEGO\u00d1A SIEMPRE A SU LADO, NO DEJA DE LUCHAR NI UN D\u00cdA CONTRA LA ENFERMEDAD.<\/p>\n<p>NO HAY INSTRUMENTO QUE SE LE RESISTA. Y CADA SEMANA, VIOLIN EN RISTRE, REGALA SU M\u00daSICA Y SU SIMPAT\u00cdA A LA MEJOR AUDIENCIA. A LA MENOR OCASI\u00d3N, AMBOS ACUDEN A LA PARROQUIA PARA ALEGRARLES LA TARDE A LOS ANCIANOS QUE ALL\u00cd SE RE\u00daNEN. A DESPERTAR SU MEMORIA CON LAS CANCIONES DE SU VIDA. QUE TAMBI\u00c9N AHORA, FORMAN PARTE DE LA TUYA, JOSE LUIS.<br \/>\nFORMAN PARTE DE LAS NUESTRAS.<\/p>\n<p>POR ESO QUEREMOS PREMIAR ESTA NOCHE A JOSE LUIS HERRERA. UN MAESTRO, UN EJEMPLO, Y UN AMIGO.<br \/>\n<img loading=\"lazy\" decoding=\"async\" class=\"aligncenter\" src=\"http:\/\/photos-c.ak.fbcdn.net\/hphotos-ak-ash1\/hs478.ash1\/26215_395136333915_12103683915_5134713_5527517_n.jpg\" alt=\"\" width=\"720\" height=\"540\" \/><\/p>\n<p><img loading=\"lazy\" decoding=\"async\" class=\"aligncenter\" src=\"http:\/\/photos-e.ak.fbcdn.net\/hphotos-ak-snc3\/hs478.snc3\/26215_395136523915_12103683915_5134731_4441146_n.jpg\" alt=\"\" width=\"720\" height=\"540\" \/><\/p>\n<p><img loading=\"lazy\" decoding=\"async\" class=\"aligncenter\" src=\"http:\/\/photos-b.ak.fbcdn.net\/hphotos-ak-snc3\/hs458.snc3\/26215_395172818915_12103683915_5135049_7925059_n.jpg\" alt=\"\" width=\"720\" height=\"480\" \/><\/p>\n<p><img loading=\"lazy\" decoding=\"async\" class=\"aligncenter\" src=\"http:\/\/photos-e.ak.fbcdn.net\/hphotos-ak-snc3\/hs458.snc3\/26215_395172823915_12103683915_5135050_7716440_n.jpg\" alt=\"\" width=\"720\" height=\"480\" \/><\/p>\n<p><img loading=\"lazy\" decoding=\"async\" class=\"aligncenter\" src=\"http:\/\/photos-c.ak.fbcdn.net\/hphotos-ak-snc3\/hs478.snc3\/26215_395172838915_12103683915_5135051_2303222_n.jpg\" alt=\"\" width=\"720\" height=\"480\" \/><\/p>\n<p>Los video completos: <a href=\"http:\/\/www.cadena100.es\/noticia_extendida_musical.php?id=46583\">http:\/\/www.cadena100.es\/noticia_extendida_musical.php?id=46583<\/a>;<\/p>\n","protected":false},"excerpt":{"rendered":"<p>Os dejo unas fotos\u00a0de la presencia de Manolo Garc\u00eda en la Gala Premios Pie Derecho 2010, en la cual entreg\u00f3 un premio a Jos\u00e9 Luis Herrera, violinista. Dentro os dejo la bonita historia de Jos\u00e9 Luis Herrera. Os pongo aqu\u00ed tambien el v\u00eddeo de la &#8216;alfombra roja&#8217; (previo), con la aparici\u00f3n de Manolo y otro<a class=\"moretag\" href=\"https:\/\/www.manologarciaycia.com\/?p=437\" title=\"Manolo Garc\u00eda: en la Gala Premios Pie Derecho Cadena 100\" target=\"_self\" rel=\"follow\"> <font face=arial size=2>[Leer m\u00e1s]<\/font> <\/a><\/p>\n","protected":false},"author":2,"featured_media":0,"comment_status":"closed","ping_status":"closed","sticky":false,"template":"","format":"standard","meta":{"footnotes":""},"categories":[1],"tags":[81],"class_list":["post-437","post","type-post","status-publish","format-standard","hentry","category-manolo-garcia","tag-manolo-garcia-pie-derecho-cadena-100-entrega-premio-gala"],"_links":{"self":[{"href":"https:\/\/www.manologarciaycia.com\/index.php?rest_route=\/wp\/v2\/posts\/437","targetHints":{"allow":["GET"]}}],"collection":[{"href":"https:\/\/www.manologarciaycia.com\/index.php?rest_route=\/wp\/v2\/posts"}],"about":[{"href":"https:\/\/www.manologarciaycia.com\/index.php?rest_route=\/wp\/v2\/types\/post"}],"author":[{"embeddable":true,"href":"https:\/\/www.manologarciaycia.com\/index.php?rest_route=\/wp\/v2\/users\/2"}],"replies":[{"embeddable":true,"href":"https:\/\/www.manologarciaycia.com\/index.php?rest_route=%2Fwp%2Fv2%2Fcomments&post=437"}],"version-history":[{"count":13,"href":"https:\/\/www.manologarciaycia.com\/index.php?rest_route=\/wp\/v2\/posts\/437\/revisions"}],"predecessor-version":[{"id":451,"href":"https:\/\/www.manologarciaycia.com\/index.php?rest_route=\/wp\/v2\/posts\/437\/revisions\/451"}],"wp:attachment":[{"href":"https:\/\/www.manologarciaycia.com\/index.php?rest_route=%2Fwp%2Fv2%2Fmedia&parent=437"}],"wp:term":[{"taxonomy":"category","embeddable":true,"href":"https:\/\/www.manologarciaycia.com\/index.php?rest_route=%2Fwp%2Fv2%2Fcategories&post=437"},{"taxonomy":"post_tag","embeddable":true,"href":"https:\/\/www.manologarciaycia.com\/index.php?rest_route=%2Fwp%2Fv2%2Ftags&post=437"}],"curies":[{"name":"wp","href":"https:\/\/api.w.org\/{rel}","templated":true}]}}