{"id":4301,"date":"2012-12-08T07:08:48","date_gmt":"2012-12-08T06:08:48","guid":{"rendered":"http:\/\/www.manologarciaycia.com\/?p=4301"},"modified":"2012-12-08T07:08:48","modified_gmt":"2012-12-08T06:08:48","slug":"mg-los-grandes-arrullan-con-su-amor-a-pradera-en-gracias-a-vosotros","status":"publish","type":"post","link":"https:\/\/www.manologarciaycia.com\/?p=4301","title":{"rendered":"MG: Los &#8216;grandes&#8217; arrullan con su amor a Pradera en &#8216;Gracias a vosotros&#8217;"},"content":{"rendered":"<p><img loading=\"lazy\" decoding=\"async\" class=\"alignright\" src=\"http:\/\/www.laregion.es\/resize.php?pic=imagenes\/elementos\/489_20121205-634903241707803963.jpg&amp;tipo=350\" alt=\"Mar\u00eda Dolores Pradera\" width=\"245\" height=\"350\" \/> Mar\u00eda Dolores Pradera (Madrid, 1926) ya est\u00e1 &#8216;mejorcita&#8217; de la neumon\u00eda que la oblig\u00f3 a cancelar todos sus compromisos, todos menos uno, &#8216;Gracias a vosotros&#8217;, un disco hecho del amor que le tributan 14 de los mejores artistas del pa\u00eds y que se ha convertido, dice, en el mejor premio de su vida.<\/p>\n<p>Miguel Poveda, Pablo Albor\u00e1n, Joaqu\u00edn Sabina, Joan Manuel Serrat, Luis Eduardo Aute, Raphael, Sergio Dalma, Diego el Cigala, Diana Navarro, V\u00edctor Manuel, Ana Bel\u00e9n, <strong>Manolo Garc\u00eda,<\/strong> Miguel Bos\u00e9 y Pasi\u00f3n Vega son los escuderos que rinden homenaje a esta mujer que nunca se ha despeinado, aunque se ha desmelenado muchas veces por dentro.<\/p>\n<p>&#8216;El disco me ha llenado mucho y he sido muy feliz. Son compa\u00f1eros maravillosos y hemos estado muy unidos. Trabajar con ellos me ha ayudado a curarme, aunque he llorado mucho escuch\u00e1ndolo&#8217;, aseguraba la artista esta tarde en un encuentro con periodistas.<\/p>\n<p><\/p>\n<p>El 11 de febrero -nunca se le olvidar\u00e1 la fecha, porque fue &#8216;el d\u00eda que hizo m\u00e1s fr\u00edo en Europa&#8217;-, sali\u00f3 de su casa para ir a la televisi\u00f3n y not\u00f3 s\u00edntomas de que algo no iba bien.<\/p>\n<p>Se le declar\u00f3 una neumon\u00eda y, cuando ya se estaba recuperando, all\u00e1 por mayo, &#8216;alguna medicaci\u00f3n&#8217; le provoc\u00f3 un choque metab\u00f3lico del que contin\u00faa convaleciente y que le hizo perder diez kilos en una semana.<\/p>\n<p>Hoy, vestida &#8216;llena de capas&#8217; para parecer &#8216;m\u00e1s&#8217;, y ya con dos kilos recuperados, ha hecho gala de su prodigiosa memoria, ha tenido palabras de alabanza para todos y cada uno de sus compa\u00f1eros en el disco, ha bromeado, ha contado an\u00e9cdotas y ha acabado cantando las &#8216;Ma\u00f1anitas&#8217;, demostrando que en el disco hay &#8216;mucho amor y agradecimiento&#8217;, pero nada de &#8216;photoshop&#8217; para su voz.<\/p>\n<p>La idea del homenaje, una recopilaci\u00f3n con 14 de algunas de sus mejores canciones, aunque ha grabado m\u00e1s de mil, fue de &#8216;la casa de discos&#8217; -Sony-, que fue tambi\u00e9n quien propuso a los artistas porque ella, ha desvelado, &#8216;nunca se hubiera atrevido&#8217; a hacerlo.<\/p>\n<p>&#8216;Al principio me asust\u00e9 porque no me sent\u00eda bien, pero todos ten\u00edan algo por lo que se sent\u00edan unidos a m\u00ed y eso me ha compensado de mis dolorcitos. Son gente que trabaja y destaca y no sab\u00edan que me adoraban tanto, la verdad&#8217;, ha dicho.<\/p>\n<p>Empez\u00f3 a grabarlo el 9 de julio en estudio con Diego el Cigala, en agosto descans\u00f3 y lo retom\u00f3 en septiembre. El \u00fanico con el que no ha podido estar es Serrat, que registr\u00f3 &#8216;Tu nombre me sabe a hierba&#8217; en M\u00e9xico.<\/p>\n<p>A cada uno le sugirieron tres temas y, en general, todos han elegido una canci\u00f3n &#8216;inesperada&#8217; en su estilo; por eso, ni Ana Bel\u00e9n canta &#8216;L\u00eda&#8217;, sino &#8216;La media vuelta&#8217;, ni V\u00edctor Manuel &#8216;No se por qu\u00e9 te quiero&#8217;, sino &#8216;Amarraditos&#8217;.<\/p>\n<p>El que la ha hecho llorar &#8216;mucho&#8217; ha sido Albor\u00e1n, nieto de una amiga suya de cuando viv\u00eda en M\u00e1laga &#8216;de jovencita&#8217; con los hijos -Elena y Fernando- que tuvo con el actor Fernando Fern\u00e1n G\u00f3mez (1921-2007), del que se separ\u00f3 en 1957.<\/p>\n<p>&#8216;Cuando le escuch\u00e9 conmigo en &#8216;No se por qu\u00e9 te quiero&#8217;, me ca\u00edan las l\u00e1grimas porque las voces se funden. Es que yo tengo un poco voz de hombre&#8217;, ha argumentado.<\/p>\n<p>Cigala, con el que canta &#8216;L\u00e1grimas negras&#8217;, se ha revelado como un gran admirador de ella y &#8216;del padre de sus hijos&#8217;, del que quer\u00eda que le contara an\u00e9cdotas. &#8216;Pero claro, hace tanto que no le veo&#8230;&#8217;, ha ironizado.<\/p>\n<p>Diana Navarro canta un &#8216;L\u00eda&#8217; &#8216;muy especial&#8217;; Manolo Garc\u00eda &#8216;parece mexicano&#8217; en &#8216;No volver\u00e9&#8217;; Poveda le ha impresionado much\u00edsimo en &#8216;Fina estampa&#8217;; llor\u00f3 con Bos\u00e9 en &#8216;El rosario de mi madre&#8217; y con Dalma en &#8216;Procuro olvidarte&#8217;; y &#8216;Caminemos&#8217;, la primera que ella cant\u00f3 en p\u00fablico, en 1952, la interpreta con el &#8216;elegante&#8217; Aute, que le hizo &#8216;una declaraci\u00f3n de amor tremenda&#8217;.<\/p>\n<p>Le ha encantado la &#8216;guap\u00edsima&#8217; Pasi\u00f3n Vega en &#8216;Habaneras de C\u00e1diz&#8217;, y est\u00e1 feliz con el &#8216;Gracias a la vida&#8217; que hace con Raphael.<\/p>\n<p>Confiesa que le &#8216;aturde&#8217; la situaci\u00f3n pol\u00edtica y le &#8216;preocupa mucho&#8217; la econ\u00f3mica: &#8216;Viv\u00ed la Guerra Civil y la posguerra, y esto es m\u00e1s tremendo porque somos muchos m\u00e1s&#8217;.<\/p>\n<p>Lo ha pasado &#8216;mejor&#8217; que &#8216;peor&#8217; en su vida, ha conocido gente &#8216;extraordinaria&#8217; como Atahualpa Yupanqui, Jos\u00e9 Alfredo Jim\u00e9nez, Lola Beltr\u00e1n y Lola Flores, y ha tenido y tiene muchos amigos que la adoran, entre ellos Sabina, con el que hace &#8216;La flor de la canela&#8217;.<\/p>\n<p>&#8216;Es muy divertido y me pasan muchas cosas con \u00e9l, como cuando me llev\u00f3 a casa una madrugada y yo me lament\u00e9 de que no hubiera &#8216;paparazzi&#8217; en la puerta o como cuando le pregunt\u00e9 que c\u00f3mo nota \u00e9l que est\u00e1 af\u00f3nico&#8217;, relata.<\/p>\n<p>Si se pone &#8216;bien del todo&#8217;, se dar\u00e1 una vuelta por Am\u00e9rica. &#8216;A lo mejor&#8217; hace una segunda parte de este disco y emprende un proyecto al que le tiene mucho cari\u00f1o: un disco de copla.<\/p>\n<p>&#8216;Mi \u00eddolo de peque\u00f1a era la Piquer. Me sal\u00eda con naturalidad cantar copla; por eso quer\u00eda ser gitana, para ser morena y con ojeras&#8217;, se r\u00ede.<\/p>\n<p>Fuente: La Regi\u00f3n &#8211; <a href=\"http:\/\/www.laregion.es\/noticia\/234510\/grandes\/arrullan\/amor\/pradera\/gracias\/vosotros\/\" target=\"_blank\">ENLACE<\/a><\/p>\n","protected":false},"excerpt":{"rendered":"<p>Mar\u00eda Dolores Pradera (Madrid, 1926) ya est\u00e1 &#8216;mejorcita&#8217; de la neumon\u00eda que la oblig\u00f3 a cancelar todos sus compromisos, todos menos uno, &#8216;Gracias a vosotros&#8217;, un disco hecho del amor que le tributan 14 de los mejores artistas del pa\u00eds y que se ha convertido, dice, en el mejor premio de su vida. Miguel Poveda,<a class=\"moretag\" href=\"https:\/\/www.manologarciaycia.com\/?p=4301\" title=\"MG: Los &#8216;grandes&#8217; arrullan con su amor a Pradera en &#8216;Gracias a vosotros&#8217;\" target=\"_self\" rel=\"follow\"> <font face=arial size=2>[Leer m\u00e1s]<\/font> <\/a><\/p>\n","protected":false},"author":2,"featured_media":0,"comment_status":"closed","ping_status":"closed","sticky":false,"template":"","format":"standard","meta":{"footnotes":""},"categories":[1,23],"tags":[],"class_list":["post-4301","post","type-post","status-publish","format-standard","hentry","category-manolo-garcia","category-otros"],"_links":{"self":[{"href":"https:\/\/www.manologarciaycia.com\/index.php?rest_route=\/wp\/v2\/posts\/4301","targetHints":{"allow":["GET"]}}],"collection":[{"href":"https:\/\/www.manologarciaycia.com\/index.php?rest_route=\/wp\/v2\/posts"}],"about":[{"href":"https:\/\/www.manologarciaycia.com\/index.php?rest_route=\/wp\/v2\/types\/post"}],"author":[{"embeddable":true,"href":"https:\/\/www.manologarciaycia.com\/index.php?rest_route=\/wp\/v2\/users\/2"}],"replies":[{"embeddable":true,"href":"https:\/\/www.manologarciaycia.com\/index.php?rest_route=%2Fwp%2Fv2%2Fcomments&post=4301"}],"version-history":[{"count":1,"href":"https:\/\/www.manologarciaycia.com\/index.php?rest_route=\/wp\/v2\/posts\/4301\/revisions"}],"predecessor-version":[{"id":4302,"href":"https:\/\/www.manologarciaycia.com\/index.php?rest_route=\/wp\/v2\/posts\/4301\/revisions\/4302"}],"wp:attachment":[{"href":"https:\/\/www.manologarciaycia.com\/index.php?rest_route=%2Fwp%2Fv2%2Fmedia&parent=4301"}],"wp:term":[{"taxonomy":"category","embeddable":true,"href":"https:\/\/www.manologarciaycia.com\/index.php?rest_route=%2Fwp%2Fv2%2Fcategories&post=4301"},{"taxonomy":"post_tag","embeddable":true,"href":"https:\/\/www.manologarciaycia.com\/index.php?rest_route=%2Fwp%2Fv2%2Ftags&post=4301"}],"curies":[{"name":"wp","href":"https:\/\/api.w.org\/{rel}","templated":true}]}}