{"id":429,"date":"2010-03-08T09:46:59","date_gmt":"2010-03-08T08:46:59","guid":{"rendered":"http:\/\/petaos.net\/?p=429"},"modified":"2010-03-09T08:40:28","modified_gmt":"2010-03-09T07:40:28","slug":"carmen-video-concierto-madrid","status":"publish","type":"post","link":"https:\/\/www.manologarciaycia.com\/?p=429","title":{"rendered":"Carmen: Videos concierto Madrid (con Manolo Garc\u00eda)"},"content":{"rendered":"<p style=\"text-align: left;\">Os dejo aqu\u00ed ya el v\u00eddeo completo de La Puerta Abierta de Carmen, junto a Manolo Garc\u00eda, en directo el pasado s\u00e1bado 6\/3\/10 en Madrid, La Boca del Lobo; gracias a David!<\/p>\n<p style=\"text-align: center;\">\u00a0<object classid=\"clsid:d27cdb6e-ae6d-11cf-96b8-444553540000\" width=\"640\" height=\"385\" codebase=\"http:\/\/download.macromedia.com\/pub\/shockwave\/cabs\/flash\/swflash.cab#version=6,0,40,0\"><param name=\"allowFullScreen\" value=\"true\" \/><param name=\"allowscriptaccess\" value=\"always\" \/><param name=\"src\" value=\"http:\/\/www.youtube.com\/v\/2oWHImf6y-s&amp;hl=es_ES&amp;fs=1&amp;\" \/><param name=\"allowfullscreen\" value=\"true\" \/><embed type=\"application\/x-shockwave-flash\" width=\"640\" height=\"385\" src=\"http:\/\/www.youtube.com\/v\/2oWHImf6y-s&amp;hl=es_ES&amp;fs=1&amp;\" allowfullscreen=\"true\" allowscriptaccess=\"always\"><\/embed><\/object><\/p>\n<p style=\"text-align: center;\">\n<p style=\"text-align: left;\">Dentro os dejo 2 v\u00eddeos m\u00e1s (gracias al aviso de Laura, y a David por los v\u00eddeos): \u00abAqu\u00ed me tienes\u00bb y \u00abTan Lejos\u00bb.<\/p>\n<p style=\"text-align: left;\">\n<p style=\"text-align: center;\">\n<p style=\"text-align: center;\"><object classid=\"clsid:d27cdb6e-ae6d-11cf-96b8-444553540000\" width=\"640\" height=\"385\" codebase=\"http:\/\/download.macromedia.com\/pub\/shockwave\/cabs\/flash\/swflash.cab#version=6,0,40,0\"><param name=\"allowFullScreen\" value=\"true\" \/><param name=\"allowscriptaccess\" value=\"always\" \/><param name=\"src\" value=\"http:\/\/www.youtube.com\/v\/S__YySKQ2JY&amp;hl=es_ES&amp;fs=1&amp;\" \/><param name=\"allowfullscreen\" value=\"true\" \/><embed type=\"application\/x-shockwave-flash\" width=\"640\" height=\"385\" src=\"http:\/\/www.youtube.com\/v\/S__YySKQ2JY&amp;hl=es_ES&amp;fs=1&amp;\" allowfullscreen=\"true\" allowscriptaccess=\"always\"><\/embed><\/object><\/p>\n<p style=\"text-align: center;\"><object classid=\"clsid:d27cdb6e-ae6d-11cf-96b8-444553540000\" width=\"640\" height=\"385\" codebase=\"http:\/\/download.macromedia.com\/pub\/shockwave\/cabs\/flash\/swflash.cab#version=6,0,40,0\"><param name=\"allowFullScreen\" value=\"true\" \/><param name=\"allowscriptaccess\" value=\"always\" \/><param name=\"src\" value=\"http:\/\/www.youtube.com\/v\/D3aasX1kENM&amp;hl=es_ES&amp;fs=1&amp;\" \/><param name=\"allowfullscreen\" value=\"true\" \/><embed type=\"application\/x-shockwave-flash\" width=\"640\" height=\"385\" src=\"http:\/\/www.youtube.com\/v\/D3aasX1kENM&amp;hl=es_ES&amp;fs=1&amp;\" allowfullscreen=\"true\" allowscriptaccess=\"always\"><\/embed><\/object><\/p>\n<p style=\"text-align: center;\">\u00a0<\/p>\n","protected":false},"excerpt":{"rendered":"<p>Os dejo aqu\u00ed ya el v\u00eddeo completo de La Puerta Abierta de Carmen, junto a Manolo Garc\u00eda, en directo el pasado s\u00e1bado 6\/3\/10 en Madrid, La Boca del Lobo; gracias a David! \u00a0 Dentro os dejo 2 v\u00eddeos m\u00e1s (gracias al aviso de Laura, y a David por los v\u00eddeos): \u00abAqu\u00ed me tienes\u00bb y \u00abTan<a class=\"moretag\" href=\"https:\/\/www.manologarciaycia.com\/?p=429\" title=\"Carmen: Videos concierto Madrid (con Manolo Garc\u00eda)\" target=\"_self\" rel=\"follow\"> <font face=arial size=2>[Leer m\u00e1s]<\/font> <\/a><\/p>\n","protected":false},"author":2,"featured_media":0,"comment_status":"closed","ping_status":"closed","sticky":false,"template":"","format":"standard","meta":{"footnotes":""},"categories":[24,1],"tags":[79],"class_list":["post-429","post","type-post","status-publish","format-standard","hentry","category-carmen-garcia","category-manolo-garcia","tag-carmen-manolo-garcia-concierto-directo-puerta-abierta-madrid"],"_links":{"self":[{"href":"https:\/\/www.manologarciaycia.com\/index.php?rest_route=\/wp\/v2\/posts\/429","targetHints":{"allow":["GET"]}}],"collection":[{"href":"https:\/\/www.manologarciaycia.com\/index.php?rest_route=\/wp\/v2\/posts"}],"about":[{"href":"https:\/\/www.manologarciaycia.com\/index.php?rest_route=\/wp\/v2\/types\/post"}],"author":[{"embeddable":true,"href":"https:\/\/www.manologarciaycia.com\/index.php?rest_route=\/wp\/v2\/users\/2"}],"replies":[{"embeddable":true,"href":"https:\/\/www.manologarciaycia.com\/index.php?rest_route=%2Fwp%2Fv2%2Fcomments&post=429"}],"version-history":[{"count":6,"href":"https:\/\/www.manologarciaycia.com\/index.php?rest_route=\/wp\/v2\/posts\/429\/revisions"}],"predecessor-version":[{"id":442,"href":"https:\/\/www.manologarciaycia.com\/index.php?rest_route=\/wp\/v2\/posts\/429\/revisions\/442"}],"wp:attachment":[{"href":"https:\/\/www.manologarciaycia.com\/index.php?rest_route=%2Fwp%2Fv2%2Fmedia&parent=429"}],"wp:term":[{"taxonomy":"category","embeddable":true,"href":"https:\/\/www.manologarciaycia.com\/index.php?rest_route=%2Fwp%2Fv2%2Fcategories&post=429"},{"taxonomy":"post_tag","embeddable":true,"href":"https:\/\/www.manologarciaycia.com\/index.php?rest_route=%2Fwp%2Fv2%2Ftags&post=429"}],"curies":[{"name":"wp","href":"https:\/\/api.w.org\/{rel}","templated":true}]}}