{"id":4282,"date":"2012-12-07T13:07:11","date_gmt":"2012-12-07T12:07:11","guid":{"rendered":"http:\/\/www.manologarciaycia.com\/?p=4282"},"modified":"2012-12-07T13:21:42","modified_gmt":"2012-12-07T12:21:42","slug":"mg-una-radiografia-musical-muy-mestiza-de-barcelona-en-un-libro","status":"publish","type":"post","link":"https:\/\/www.manologarciaycia.com\/?p=4282","title":{"rendered":"MG: Una radiograf\u00eda musical muy mestiza de Barcelona, en un libro"},"content":{"rendered":"<p>&#8216;Barcelona \u00e9s bona si la m\u00fasica sona!&#8217; recoge hasta 80 grupos del panorama musical barcelon\u00e9s.<\/p>\n<p>Estopa, Macaco, Manolo Garc\u00eda, Ojos de Brujo, CaboSanRoque, Peret son algunos de los 80 grupos o m\u00fasicos recogidos en el libro Barcelona \u00e9s bona si la m\u00fasica sona!, en el que Xavier Torres-Bacchetta y Miguel Amor\u00f3s radiograf\u00edan el panorama musical barcelon\u00e9s, dominado por el mestizaje.<br \/>\nEn el origen del libro, publicado por Sat\u00e9lite K, se encuentra el fot\u00f3grafo Xavier Torres-Bacchetta, un entusiasta de la m\u00fasica que acariciaba este proyecto desde hac\u00eda a\u00f1os.<br \/>\n\u00abCoincid\u00ed con una ex productora y programadora de conciertos, Biggi Fischer, a la que propuse reunir en un proyecto a todos los grupos de onda mestiza, de fusi\u00f3n musical, una lista que inclu\u00eda grupos conocidos, pero otros totalmente desconocidos para el gran p\u00fablico\u00bb, se\u00f1ala el fot\u00f3grafo en una entrevista concedida a Efe.<br \/>\nFischer descubri\u00f3 para los autores en 2009 a numerosas bandas y el proceso fue largo, casi dos meses sent\u00e1ndose en terrazas de bares hablando con representantes de los grupos y casi tres a\u00f1os para completar el libro.<\/p>\n<p>\nCuenta Torres-Bacchetta que inicialmente comenzaron con un listado de cincuenta grupos, que luego se ampli\u00f3 hasta 90, y que al final qued\u00f3 reducido a ochenta, incluido Ojos de Brujo, que se disolvi\u00f3 durante el proceso de edici\u00f3n del libro.<\/p>\n<p>\u00abDecidimos mantener Ojos de Brujo porque ya se hab\u00eda hecho la sesi\u00f3n fotogr\u00e1fica y adem\u00e1s consideramos que era un grupo hist\u00f3rico de la ciudad\u00bb, argumenta Torres-Bacchetta.<br \/>\nLa intenci\u00f3n de esta publicaci\u00f3n era, a decir de Torres-Bacchetta, primer impulsor del proyecto, saber c\u00f3mo se hab\u00edan formado las bandas, d\u00f3nde se hab\u00edan encontrado los m\u00fasicos, qu\u00e9 estilos de m\u00fasica practican, cu\u00e1les eran sus gustos, influencias y pensamientos, con el objetivo \u00faltimo de \u00abdibujar un gran retrato de la Barcelona musical\u00bb.<\/p>\n<p>Amor\u00f3s indica que el criterio que se fij\u00f3 para la selecci\u00f3n es que las bandas estuvieran relacionadas con las llamadas \u00abm\u00fasicas urbanas y de ra\u00edz\u00bb, aunque se ampli\u00f3 a aquellas que tuviesen una relaci\u00f3n especial con la m\u00fasica en las calles de la ciudad.<\/p>\n<p>Tambi\u00e9n pes\u00f3 en la selecci\u00f3n definitiva que fueran bandas que cumplieran con la originalidad de componer sus propias canciones y que tuvieran alg\u00fan disco editado.<\/p>\n<p>Soslayando aquello de \u00abno est\u00e1n todos los que son\u00bb, los dos autores reconocen que al final se han dejado llevar m\u00e1s por su intuici\u00f3n y sus propios gustos que por una exigencia objetiva.<br \/>\nHubo alg\u00fan otro grupo invitado a participar en este proyecto colectivo y que, por una causa u otra, no figuran en estas p\u00e1ginas. \u00abManu Chao dio su benepl\u00e1cito a la idea, pero el libro ya estaba en imprenta y quiz\u00e1 se podr\u00eda incluir en una futura segunda edici\u00f3n\u00bb, comenta el fot\u00f3grafo.<br \/>\nAdmiten asimismo Torres-Bacchetta y Amor\u00f3s que este libro habr\u00eda sido imposible en otro momento, pues nunca \u00abla actualidad musical nos ofrec\u00eda tantas propuestas, tantas bandas interesantes, tanto movimiento y tantos discos\u00bb.<\/p>\n<p>Adem\u00e1s de hacerles una fotograf\u00eda en un lugar significativo en la historia de sus m\u00fasicos, a todos los grupos se les envi\u00f3 un cuestionario en el que deb\u00edan responder por el lugar elegido como escenario para ser fotografiados, su estilo musical, qu\u00e9 significa la m\u00fasica para ellos, su relaci\u00f3n con la ciudad y dar cuenta de alguna an\u00e9cdota divertida que hubieran vivido.<\/p>\n<p>De todas estas preguntas se desprende, seg\u00fan Torres-Bacchetta, que \u00abse notan ganas de reactivar la movida musical barcelonesa, hasta ahora algo alica\u00edda, y que los m\u00fasicos est\u00e1n ahora m\u00e1s &#8216;enchufados&#8217; con lo que sucede en la calle\u00bb.<\/p>\n<p>En la relaci\u00f3n de grupos figuran rumberos como AiAiAi o La Pegatina, el afrobeat de Alma Afrobeat Ensemble, la m\u00fasica alter-latina de Amparo S\u00e1nchez (ex Amparonoia), el reggae funk de Black Gandhi, la salsa de Bloque 53, el flamenco Billy de Chico Oca\u00f1a, el disco-funk de Fundaci\u00f3n Tony Manero, la pachanga de La Troba Kung-F\u00fa, la m\u00fasica \u00e9tnica de Lumbal\u00fa o el rock \u00e1rabe de Nour.<\/p>\n<p>Fuente: La Vanguardia &#8211; <a href=\"http:\/\/www.lavanguardia.com\/ocio\/20121207\/54357078080\/radiografia-musical-mestiza-barcelona-libro.html\" target=\"_blank\">ENLACE<\/a><\/p>\n","protected":false},"excerpt":{"rendered":"<p>&#8216;Barcelona \u00e9s bona si la m\u00fasica sona!&#8217; recoge hasta 80 grupos del panorama musical barcelon\u00e9s. Estopa, Macaco, Manolo Garc\u00eda, Ojos de Brujo, CaboSanRoque, Peret son algunos de los 80 grupos o m\u00fasicos recogidos en el libro Barcelona \u00e9s bona si la m\u00fasica sona!, en el que Xavier Torres-Bacchetta y Miguel Amor\u00f3s radiograf\u00edan el panorama musical<a class=\"moretag\" href=\"https:\/\/www.manologarciaycia.com\/?p=4282\" title=\"MG: Una radiograf\u00eda musical muy mestiza de Barcelona, en un libro\" target=\"_self\" rel=\"follow\"> <font face=arial size=2>[Leer m\u00e1s]<\/font> <\/a><\/p>\n","protected":false},"author":2,"featured_media":0,"comment_status":"closed","ping_status":"closed","sticky":false,"template":"","format":"standard","meta":{"footnotes":""},"categories":[1],"tags":[],"class_list":["post-4282","post","type-post","status-publish","format-standard","hentry","category-manolo-garcia"],"_links":{"self":[{"href":"https:\/\/www.manologarciaycia.com\/index.php?rest_route=\/wp\/v2\/posts\/4282","targetHints":{"allow":["GET"]}}],"collection":[{"href":"https:\/\/www.manologarciaycia.com\/index.php?rest_route=\/wp\/v2\/posts"}],"about":[{"href":"https:\/\/www.manologarciaycia.com\/index.php?rest_route=\/wp\/v2\/types\/post"}],"author":[{"embeddable":true,"href":"https:\/\/www.manologarciaycia.com\/index.php?rest_route=\/wp\/v2\/users\/2"}],"replies":[{"embeddable":true,"href":"https:\/\/www.manologarciaycia.com\/index.php?rest_route=%2Fwp%2Fv2%2Fcomments&post=4282"}],"version-history":[{"count":3,"href":"https:\/\/www.manologarciaycia.com\/index.php?rest_route=\/wp\/v2\/posts\/4282\/revisions"}],"predecessor-version":[{"id":4300,"href":"https:\/\/www.manologarciaycia.com\/index.php?rest_route=\/wp\/v2\/posts\/4282\/revisions\/4300"}],"wp:attachment":[{"href":"https:\/\/www.manologarciaycia.com\/index.php?rest_route=%2Fwp%2Fv2%2Fmedia&parent=4282"}],"wp:term":[{"taxonomy":"category","embeddable":true,"href":"https:\/\/www.manologarciaycia.com\/index.php?rest_route=%2Fwp%2Fv2%2Fcategories&post=4282"},{"taxonomy":"post_tag","embeddable":true,"href":"https:\/\/www.manologarciaycia.com\/index.php?rest_route=%2Fwp%2Fv2%2Ftags&post=4282"}],"curies":[{"name":"wp","href":"https:\/\/api.w.org\/{rel}","templated":true}]}}