{"id":4277,"date":"2012-12-06T20:10:08","date_gmt":"2012-12-06T19:10:08","guid":{"rendered":"http:\/\/www.manologarciaycia.com\/?p=4277"},"modified":"2012-12-06T20:10:08","modified_gmt":"2012-12-06T19:10:08","slug":"mg-manolo-garcia-despide-su-gira-en-madrid-con-un-publico-entregado","status":"publish","type":"post","link":"https:\/\/www.manologarciaycia.com\/?p=4277","title":{"rendered":"MG: Manolo Garcia despide su gira en Madrid con un publico entregado"},"content":{"rendered":"<p>Son las 21:45 horas y Manolo Garc\u00eda salta al escenario para dar comienzo a lo que ser\u00e1 su fin de Gira de los D\u00edas Intactos. Como no, y fiel a su esp\u00edritu, sorprende al Palacio de Congresos con una canci\u00f3n de los R\u00e1pidos, si, Navajas de Papel ha sido la canci\u00f3n elegida. Ya con el p\u00fablico en el bolsillo, un Aviones Plateados resuena fuerte para hacer temblar todo el auditorio. Se sent\u00eda la vibraci\u00f3n, y as\u00ed repasa canci\u00f3n tras canci\u00f3n parte de lo que fue el \u00faltimo de la fila y parte de lo que es Manolo Garc\u00eda en solitario.<\/p>\n<p>Yo estoy emocionada, como todos los que hay a mi alrededor, y miro a un lado y otro y veo personas de todas las edades, pero hay un detalle que me llama la atenci\u00f3n, una ni\u00f1a de tan s\u00f3lo tres a\u00f1os, pasa por delante de m\u00ed. No puedo evitar acercarme a ella y quien supongo que es su madre, me dice que ya es su segundo concierto, y lleva puesta una camiseta de Manolo Garc\u00eda. La ni\u00f1a sonr\u00ede cuando le tomo la foto, se la ve feliz, y yo recuerdo c\u00f3mo comenc\u00e9 a escuchar el El \u00daltimo de la Fila de la mano de mi hermana mayor. Me encanta ver que la buena m\u00fasica se transmite de generaci\u00f3n en generaci\u00f3n.<\/p>\n<p>Pero volviendo al concierto, y es que la emoci\u00f3n me puede, dir\u00e9 que he visto a un Manolo Garc\u00eda m\u00e1s cansado que de costumbre. El p\u00fablico le ped\u00eda m\u00e1s, pero, por momentos, parec\u00eda agotado. Eso s\u00ed, lo que nunca pierde, pase lo que pase, es su compromiso con la sociedad, tras exponer su descontento con la situaci\u00f3n social, criticando los recortes en la educaci\u00f3n, sobre todo en los temas relacionados con la discapacidad, el cierre y privatizaci\u00f3n de hospitales, las nuevas tasas judiciales&#8230;en general, los recortes, tocaba 10 minutos de m\u00fasica instrumental protesta que termina con la canci\u00f3n \u00abUn a\u00f1o y otro a\u00f1o\u00bb. Respetuoso al m\u00e1ximo, al finalizar el tema pidi\u00f3 aplausos a los que est\u00e1bamos de acuerdo con la protesta y les mostr\u00f3 su respeto a los que no lo est\u00e1n.<\/p>\n<p>Con un p\u00fablico incansable, que ped\u00eda m\u00e1s como s\u00f3lo los seguidores de Manolo Garc\u00eda lo hacen, es decir, al ritmo de las palmas de P\u00e1jaros de Barro, se retir\u00f3 dos veces para volver a salir. As\u00ed el concierto se ha extendido durante casi tres horas en las que se ha podido sentir como bajaba el ritmo cuando sonaban los temas de su \u00faltimo disco y vibraba mucho m\u00e1s con canciones del pasado.<\/p>\n<p>Antes de tocar su tema \u00abPara que no se duerman mis sentidos\u00bb dijo algo que quiero compartir con vosotros y que creo que todos deber\u00edamos tener en cuenta: \u00abHay una infrautilizaci\u00f3n de los sentidos. Debemos pensar menos y sentir m\u00e1s\u00bb. Y es que para lo bueno y para lo malo, Manolo Garc\u00eda ante todo, es un poeta.<\/p>\n<p>Fuente: Quiero Besos &#8211; <a href='http:\/\/www.quierobesos.com\/2012\/12\/manolo-garcia-despide-su-gira-en-madrid.html' target=_new>ENLACE<\/a><\/p>\n","protected":false},"excerpt":{"rendered":"<p>Son las 21:45 horas y Manolo Garc\u00eda salta al escenario para dar comienzo a lo que ser\u00e1 su fin de Gira de los D\u00edas Intactos. Como no, y fiel a su esp\u00edritu, sorprende al Palacio de Congresos con una canci\u00f3n de los R\u00e1pidos, si, Navajas de Papel ha sido la canci\u00f3n elegida. Ya con el<a class=\"moretag\" href=\"https:\/\/www.manologarciaycia.com\/?p=4277\" title=\"MG: Manolo Garcia despide su gira en Madrid con un publico entregado\" target=\"_self\" rel=\"follow\"> <font face=arial size=2>[Leer m\u00e1s]<\/font> <\/a><\/p>\n","protected":false},"author":2,"featured_media":0,"comment_status":"closed","ping_status":"closed","sticky":false,"template":"","format":"standard","meta":{"footnotes":""},"categories":[1],"tags":[],"class_list":["post-4277","post","type-post","status-publish","format-standard","hentry","category-manolo-garcia"],"_links":{"self":[{"href":"https:\/\/www.manologarciaycia.com\/index.php?rest_route=\/wp\/v2\/posts\/4277","targetHints":{"allow":["GET"]}}],"collection":[{"href":"https:\/\/www.manologarciaycia.com\/index.php?rest_route=\/wp\/v2\/posts"}],"about":[{"href":"https:\/\/www.manologarciaycia.com\/index.php?rest_route=\/wp\/v2\/types\/post"}],"author":[{"embeddable":true,"href":"https:\/\/www.manologarciaycia.com\/index.php?rest_route=\/wp\/v2\/users\/2"}],"replies":[{"embeddable":true,"href":"https:\/\/www.manologarciaycia.com\/index.php?rest_route=%2Fwp%2Fv2%2Fcomments&post=4277"}],"version-history":[{"count":1,"href":"https:\/\/www.manologarciaycia.com\/index.php?rest_route=\/wp\/v2\/posts\/4277\/revisions"}],"predecessor-version":[{"id":4278,"href":"https:\/\/www.manologarciaycia.com\/index.php?rest_route=\/wp\/v2\/posts\/4277\/revisions\/4278"}],"wp:attachment":[{"href":"https:\/\/www.manologarciaycia.com\/index.php?rest_route=%2Fwp%2Fv2%2Fmedia&parent=4277"}],"wp:term":[{"taxonomy":"category","embeddable":true,"href":"https:\/\/www.manologarciaycia.com\/index.php?rest_route=%2Fwp%2Fv2%2Fcategories&post=4277"},{"taxonomy":"post_tag","embeddable":true,"href":"https:\/\/www.manologarciaycia.com\/index.php?rest_route=%2Fwp%2Fv2%2Ftags&post=4277"}],"curies":[{"name":"wp","href":"https:\/\/api.w.org\/{rel}","templated":true}]}}