{"id":422,"date":"2010-03-02T08:47:12","date_gmt":"2010-03-02T07:47:12","guid":{"rendered":"http:\/\/petaos.net\/?p=422"},"modified":"2010-03-05T09:24:39","modified_gmt":"2010-03-05T08:24:39","slug":"quimi-portet-premios-de-la-musica-2010","status":"publish","type":"post","link":"https:\/\/www.manologarciaycia.com\/?p=422","title":{"rendered":"Quimi Portet: Premios de la M\u00fasica 2010"},"content":{"rendered":"<p style=\"text-align: center;\"><strong><em><img loading=\"lazy\" decoding=\"async\" class=\"aligncenter size-full wp-image-425\" title=\"premiosmusica2010\" src=\"http:\/\/petaos.net\/wp-content\/uploads\/2010\/03\/premiosmusica2010.jpg\" alt=\"premiosmusica2010\" width=\"371\" height=\"222\" srcset=\"https:\/\/www.manologarciaycia.com\/wp-content\/uploads\/2010\/03\/premiosmusica2010.jpg 371w, https:\/\/www.manologarciaycia.com\/wp-content\/uploads\/2010\/03\/premiosmusica2010-300x179.jpg 300w\" sizes=\"auto, (max-width: 371px) 100vw, 371px\" \/><\/em><\/strong><\/p>\n<p style=\"text-align: center;\"><strong><em>Mejor canci\u00f3n en Catal\u00e0 2010<\/em><\/strong><\/p>\n<p>Quimi Portet ha resultado ganador de uno de los Premios de la M\u00fasica en esta edici\u00f3n de 2010, en concreto el Premio a la Mejor Canci\u00f3n en Catal\u00e1n\/Valenciano, por su canci\u00f3n \u00abHomes i dones del cap dret\u00bb. Los galardones que entrega la Academia de las Artes y las Ciencias de la M\u00fasica regresan a Madrid para ser entregados el jueves 4 de marzo en el Teatro H\u00e4agen-Dazs Calder\u00f3n, situado en el n\u00famero 18 de la Calle Atocha de Madrid.<\/p>\n<p>Fuente: <a href=\"http:\/\/www.Webeudlf.net\">www.Webeudlf.net<\/a> &#8211; Premios de la M\u00fasica (<a href=\"http:\/\/www.premiosdelamusica.com\/dyn\/ganadores\/index.php?id_seccion=5&amp;id_edicion=24&amp;id_categoria=19#cat_19\" target=\"_blank\">Enlace<\/a>)<\/p>\n","protected":false},"excerpt":{"rendered":"<p>Mejor canci\u00f3n en Catal\u00e0 2010 Quimi Portet ha resultado ganador de uno de los Premios de la M\u00fasica en esta edici\u00f3n de 2010, en concreto el Premio a la Mejor Canci\u00f3n en Catal\u00e1n\/Valenciano, por su canci\u00f3n \u00abHomes i dones del cap dret\u00bb. Los galardones que entrega la Academia de las Artes y las Ciencias de<a class=\"moretag\" href=\"https:\/\/www.manologarciaycia.com\/?p=422\" title=\"Quimi Portet: Premios de la M\u00fasica 2010\" target=\"_self\" rel=\"follow\"> <font face=arial size=2>[Leer m\u00e1s]<\/font> <\/a><\/p>\n","protected":false},"author":2,"featured_media":0,"comment_status":"closed","ping_status":"closed","sticky":false,"template":"","format":"standard","meta":{"footnotes":""},"categories":[9],"tags":[],"class_list":["post-422","post","type-post","status-publish","format-standard","hentry","category-qumi-portet"],"_links":{"self":[{"href":"https:\/\/www.manologarciaycia.com\/index.php?rest_route=\/wp\/v2\/posts\/422","targetHints":{"allow":["GET"]}}],"collection":[{"href":"https:\/\/www.manologarciaycia.com\/index.php?rest_route=\/wp\/v2\/posts"}],"about":[{"href":"https:\/\/www.manologarciaycia.com\/index.php?rest_route=\/wp\/v2\/types\/post"}],"author":[{"embeddable":true,"href":"https:\/\/www.manologarciaycia.com\/index.php?rest_route=\/wp\/v2\/users\/2"}],"replies":[{"embeddable":true,"href":"https:\/\/www.manologarciaycia.com\/index.php?rest_route=%2Fwp%2Fv2%2Fcomments&post=422"}],"version-history":[{"count":4,"href":"https:\/\/www.manologarciaycia.com\/index.php?rest_route=\/wp\/v2\/posts\/422\/revisions"}],"predecessor-version":[{"id":427,"href":"https:\/\/www.manologarciaycia.com\/index.php?rest_route=\/wp\/v2\/posts\/422\/revisions\/427"}],"wp:attachment":[{"href":"https:\/\/www.manologarciaycia.com\/index.php?rest_route=%2Fwp%2Fv2%2Fmedia&parent=422"}],"wp:term":[{"taxonomy":"category","embeddable":true,"href":"https:\/\/www.manologarciaycia.com\/index.php?rest_route=%2Fwp%2Fv2%2Fcategories&post=422"},{"taxonomy":"post_tag","embeddable":true,"href":"https:\/\/www.manologarciaycia.com\/index.php?rest_route=%2Fwp%2Fv2%2Ftags&post=422"}],"curies":[{"name":"wp","href":"https:\/\/api.w.org\/{rel}","templated":true}]}}