{"id":4205,"date":"2012-12-05T11:46:43","date_gmt":"2012-12-05T10:46:43","guid":{"rendered":"http:\/\/www.manologarciaycia.com\/?p=4205"},"modified":"2012-12-06T10:59:53","modified_gmt":"2012-12-06T09:59:53","slug":"mg-manolo-garcia-se-depide-del-publico-madrileno-con-los-dias-intactos","status":"publish","type":"post","link":"https:\/\/www.manologarciaycia.com\/?p=4205","title":{"rendered":"MG: Manolo Garc\u00eda se despide del p\u00fablico madrile\u00f1o con &#8216;Los d\u00edas Intactos&#8217;"},"content":{"rendered":"<p>El cantante Manolo Garc\u00eda ha cerrado esta noche en el Palacio de Congresos de Madrid su Gira Teatral &#8216;Los d\u00edas Intactos&#8217;, con la que ha puesto el broche final a una larga y exitosa gira por Espa\u00f1a.<\/p>\n<p><center><iframe loading=\"lazy\" width=\"560\" height=\"315\" src=\"http:\/\/www.youtube.com\/embed\/5ThgwcUtXV0\" frameborder=\"0\" allowfullscreen><\/iframe><\/center><\/p>\n","protected":false},"excerpt":{"rendered":"<p>El cantante Manolo Garc\u00eda ha cerrado esta noche en el Palacio de Congresos de Madrid su Gira Teatral &#8216;Los d\u00edas Intactos&#8217;, con la que ha puesto el broche final a una larga y exitosa gira por Espa\u00f1a.<a class=\"moretag\" href=\"https:\/\/www.manologarciaycia.com\/?p=4205\" title=\"MG: Manolo Garc\u00eda se despide del p\u00fablico madrile\u00f1o con &#8216;Los d\u00edas Intactos&#8217;\" target=\"_self\" rel=\"follow\"> <font face=arial size=2>[Leer m\u00e1s]<\/font> <\/a><\/p>\n","protected":false},"author":2,"featured_media":0,"comment_status":"closed","ping_status":"closed","sticky":false,"template":"","format":"standard","meta":{"footnotes":""},"categories":[1],"tags":[],"class_list":["post-4205","post","type-post","status-publish","format-standard","hentry","category-manolo-garcia"],"_links":{"self":[{"href":"https:\/\/www.manologarciaycia.com\/index.php?rest_route=\/wp\/v2\/posts\/4205","targetHints":{"allow":["GET"]}}],"collection":[{"href":"https:\/\/www.manologarciaycia.com\/index.php?rest_route=\/wp\/v2\/posts"}],"about":[{"href":"https:\/\/www.manologarciaycia.com\/index.php?rest_route=\/wp\/v2\/types\/post"}],"author":[{"embeddable":true,"href":"https:\/\/www.manologarciaycia.com\/index.php?rest_route=\/wp\/v2\/users\/2"}],"replies":[{"embeddable":true,"href":"https:\/\/www.manologarciaycia.com\/index.php?rest_route=%2Fwp%2Fv2%2Fcomments&post=4205"}],"version-history":[{"count":5,"href":"https:\/\/www.manologarciaycia.com\/index.php?rest_route=\/wp\/v2\/posts\/4205\/revisions"}],"predecessor-version":[{"id":4271,"href":"https:\/\/www.manologarciaycia.com\/index.php?rest_route=\/wp\/v2\/posts\/4205\/revisions\/4271"}],"wp:attachment":[{"href":"https:\/\/www.manologarciaycia.com\/index.php?rest_route=%2Fwp%2Fv2%2Fmedia&parent=4205"}],"wp:term":[{"taxonomy":"category","embeddable":true,"href":"https:\/\/www.manologarciaycia.com\/index.php?rest_route=%2Fwp%2Fv2%2Fcategories&post=4205"},{"taxonomy":"post_tag","embeddable":true,"href":"https:\/\/www.manologarciaycia.com\/index.php?rest_route=%2Fwp%2Fv2%2Ftags&post=4205"}],"curies":[{"name":"wp","href":"https:\/\/api.w.org\/{rel}","templated":true}]}}