{"id":4200,"date":"2012-12-05T10:59:54","date_gmt":"2012-12-05T09:59:54","guid":{"rendered":"http:\/\/www.manologarciaycia.com\/?p=4200"},"modified":"2012-12-05T11:11:35","modified_gmt":"2012-12-05T10:11:35","slug":"mg-elogio-de-lo-vulnerable","status":"publish","type":"post","link":"https:\/\/www.manologarciaycia.com\/?p=4200","title":{"rendered":"MG: Elogio de lo vulnerable"},"content":{"rendered":"<p><img loading=\"lazy\" decoding=\"async\" class=\"alignleft\" style=\"border: 2px solid grey;\" src=\"https:\/\/fbcdn-sphotos-c-a.akamaihd.net\/hphotos-ak-snc7\/429524_291383490964264_1007561802_n.jpg\" alt=\"\" width=\"466\" height=\"576\" \/>A Manolo Garc\u00eda le pega llamarse Manolo Garc\u00eda. En su caso, un apellido compuesto o polis\u00edlabo resultar\u00eda inveros\u00edmil. Pide paso este tipo de la calle que vive lejos de las leyes de los hombres. Diferente, a su aire; sin procurarle mal a nadie. Y es esta doble condici\u00f3n de persona franca y honesta, pero singular, la que seguramente le confiera tantos admiradores. Los que anoche abarrotaron el Palacio de Congresos de la capital, en el adi\u00f3s a la gira de\u00a0<em>Los d\u00edas intactos<\/em>, y ni se molestaron en tomar asiento. Todo fue pasi\u00f3n desatada, rosas regaladas al son de\u00a0<em>Sin que sepas de m\u00ed<\/em>, apoteosis cuando Garc\u00eda interpreta, correteando por entre las butacas, la deliciosa\u00a0<em>Nunca el tiempo es perdido<\/em>. Dos horas y tres cuartos, treinta canciones, miles de piropos.<\/p>\n<p>Empez\u00f3 la noche con la primera canci\u00f3n may\u00fascula de Manuel Garc\u00eda Garc\u00eda-P\u00e9rez, aquella\u00a0<em>Navaja de papel<\/em>\u00a0que se remonta a sus a\u00f1os de Los R\u00e1pidos. Cr\u00f3nica a piano y voz de esa vulnerabilidad que define a nuestra especie en su renqueante deambular por el planeta. El del Poble Nou ha sabido conservar su pedigr\u00ed como licenciado de barrio; poeta peque\u00f1o, pero que jam\u00e1s renuncia a mirarnos a los ojos. Y nos habla de lo que se percibe mejor a trav\u00e9s de la piel que de las borrascosas entendederas (<em>Para que no se duerman mis sentidos<\/em>), de la congoja por el cambio clim\u00e1tico o del amor en su formulaci\u00f3n pura. La del verso aquel: \u201cCuando regresas, las ma\u00f1anas levantan el vuelo\u201d.<\/p>\n<p>Suenan demasiados temas de su \u00faltimo disco, y algunos vacuos: el melodrama \u00e1tono de\u00a0<em>Compasi\u00f3n y silencio<\/em>, el\u00a0<em>reggae<\/em>\u00a0tontorr\u00f3n de\u00a0<em>Estoy alegre<\/em>. Pero luego llega\u00a0<em>Un a\u00f1o y otro a\u00f1o<\/em>, y Garc\u00eda aprovecha para enarbolar una lista de agravios ciudadanos, de recortes imp\u00fadicos que siempre zahieren a los mismos (foto del momento, (c) 2012 Petaos.net). Y ah\u00ed solo queda asentir.<\/p>\n<p>Fuente: Fernando Neira &#8211; El Pais &#8211; <a href=\"http:\/\/ccaa.elpais.com\/ccaa\/2012\/12\/05\/madrid\/1354696249_607439.html\" target=\"_blank\">ENLACE<\/a><\/p>\n","protected":false},"excerpt":{"rendered":"<p>A Manolo Garc\u00eda le pega llamarse Manolo Garc\u00eda. En su caso, un apellido compuesto o polis\u00edlabo resultar\u00eda inveros\u00edmil. Pide paso este tipo de la calle que vive lejos de las leyes de los hombres. Diferente, a su aire; sin procurarle mal a nadie. Y es esta doble condici\u00f3n de persona franca y honesta, pero singular,<a class=\"moretag\" href=\"https:\/\/www.manologarciaycia.com\/?p=4200\" title=\"MG: Elogio de lo vulnerable\" target=\"_self\" rel=\"follow\"> <font face=arial size=2>[Leer m\u00e1s]<\/font> <\/a><\/p>\n","protected":false},"author":2,"featured_media":0,"comment_status":"closed","ping_status":"closed","sticky":false,"template":"","format":"standard","meta":{"footnotes":""},"categories":[1],"tags":[],"class_list":["post-4200","post","type-post","status-publish","format-standard","hentry","category-manolo-garcia"],"_links":{"self":[{"href":"https:\/\/www.manologarciaycia.com\/index.php?rest_route=\/wp\/v2\/posts\/4200","targetHints":{"allow":["GET"]}}],"collection":[{"href":"https:\/\/www.manologarciaycia.com\/index.php?rest_route=\/wp\/v2\/posts"}],"about":[{"href":"https:\/\/www.manologarciaycia.com\/index.php?rest_route=\/wp\/v2\/types\/post"}],"author":[{"embeddable":true,"href":"https:\/\/www.manologarciaycia.com\/index.php?rest_route=\/wp\/v2\/users\/2"}],"replies":[{"embeddable":true,"href":"https:\/\/www.manologarciaycia.com\/index.php?rest_route=%2Fwp%2Fv2%2Fcomments&post=4200"}],"version-history":[{"count":3,"href":"https:\/\/www.manologarciaycia.com\/index.php?rest_route=\/wp\/v2\/posts\/4200\/revisions"}],"predecessor-version":[{"id":4202,"href":"https:\/\/www.manologarciaycia.com\/index.php?rest_route=\/wp\/v2\/posts\/4200\/revisions\/4202"}],"wp:attachment":[{"href":"https:\/\/www.manologarciaycia.com\/index.php?rest_route=%2Fwp%2Fv2%2Fmedia&parent=4200"}],"wp:term":[{"taxonomy":"category","embeddable":true,"href":"https:\/\/www.manologarciaycia.com\/index.php?rest_route=%2Fwp%2Fv2%2Fcategories&post=4200"},{"taxonomy":"post_tag","embeddable":true,"href":"https:\/\/www.manologarciaycia.com\/index.php?rest_route=%2Fwp%2Fv2%2Ftags&post=4200"}],"curies":[{"name":"wp","href":"https:\/\/api.w.org\/{rel}","templated":true}]}}