{"id":4194,"date":"2012-12-04T07:42:04","date_gmt":"2012-12-04T06:42:04","guid":{"rendered":"http:\/\/www.manologarciaycia.com\/?p=4194"},"modified":"2012-12-04T07:43:19","modified_gmt":"2012-12-04T06:43:19","slug":"mg-manolo-garcia-cerrara-manana-en-madrid-su-gira-teatral-los-dias-intactos","status":"publish","type":"post","link":"https:\/\/www.manologarciaycia.com\/?p=4194","title":{"rendered":"MG: Manolo Garc\u00eda cerrar\u00e1 ma\u00f1ana en Madrid su Gira Teatral Los d\u00edas Intactos"},"content":{"rendered":"<p>Manolo Garc\u00eda cerrar\u00e1 su Gira Teatral Los d\u00edas Intactos ma\u00f1ana martes en el Palacio de Congresos de Madrid. Se trata de la s\u00e9ptima fecha que el artista catal\u00e1n ofrece este a\u00f1o en la capital.<\/p>\n<p><img decoding=\"async\" class=\"aligncenter\" src=\"http:\/\/www.larazon.es\/images\/uploads\/image\/f0\/f6\/406951\/c617x266_gtres_u211650_063.jpg?1354552317\" alt=\"EL CANTANTE MANOLO GARCIA DURANTE LOS PREMIOS ROLLING STONES 2012 21\/11\/2012\" \/><\/p>\n<p>Su \u00faltimo \u00e1lbum publicado, que da nombre a esta gira, ha estado tres semanas consecutivas en el n\u00famero uno de la lista de los discos m\u00e1s vendidos en Espa\u00f1a y es Triple Disco de Platino.\u00a0Una de las caracter\u00edsticas de esta gira es que a la intensidad de sus directos se a\u00f1ade la novedad del espacio, ya que los escenarios escogidos permiten una mayor proximidad entre el artista y el p\u00fablico. \u00a0En el 90 por ciento de los conciertos se han agotado las entradas, entre los que destacan las seis noches en el Palacio Municipal de Congresos del Campo de las Naciones de Madrid el pasado mes de abril y otras seis en el Palu de la M\u00fasica de Barcelona, as\u00ed como Valencia, Bilbao, Zaragoza, Murcia o Granada.<\/p>\n<p>Fuente: La Raz\u00f3n &#8211; <a href=\"http:\/\/www.larazon.es\/noticia\/9852-manolo-garcia-cerrara-manana-en-madrid-su-gira-teatral-los-dias-intactos\" target=\"_blank\">ENLACE<\/a><\/p>\n","protected":false},"excerpt":{"rendered":"<p>Manolo Garc\u00eda cerrar\u00e1 su Gira Teatral Los d\u00edas Intactos ma\u00f1ana martes en el Palacio de Congresos de Madrid. Se trata de la s\u00e9ptima fecha que el artista catal\u00e1n ofrece este a\u00f1o en la capital. Su \u00faltimo \u00e1lbum publicado, que da nombre a esta gira, ha estado tres semanas consecutivas en el n\u00famero uno de la<a class=\"moretag\" href=\"https:\/\/www.manologarciaycia.com\/?p=4194\" title=\"MG: Manolo Garc\u00eda cerrar\u00e1 ma\u00f1ana en Madrid su Gira Teatral Los d\u00edas Intactos\" target=\"_self\" rel=\"follow\"> <font face=arial size=2>[Leer m\u00e1s]<\/font> <\/a><\/p>\n","protected":false},"author":2,"featured_media":0,"comment_status":"closed","ping_status":"closed","sticky":false,"template":"","format":"standard","meta":{"footnotes":""},"categories":[1],"tags":[],"class_list":["post-4194","post","type-post","status-publish","format-standard","hentry","category-manolo-garcia"],"_links":{"self":[{"href":"https:\/\/www.manologarciaycia.com\/index.php?rest_route=\/wp\/v2\/posts\/4194","targetHints":{"allow":["GET"]}}],"collection":[{"href":"https:\/\/www.manologarciaycia.com\/index.php?rest_route=\/wp\/v2\/posts"}],"about":[{"href":"https:\/\/www.manologarciaycia.com\/index.php?rest_route=\/wp\/v2\/types\/post"}],"author":[{"embeddable":true,"href":"https:\/\/www.manologarciaycia.com\/index.php?rest_route=\/wp\/v2\/users\/2"}],"replies":[{"embeddable":true,"href":"https:\/\/www.manologarciaycia.com\/index.php?rest_route=%2Fwp%2Fv2%2Fcomments&post=4194"}],"version-history":[{"count":3,"href":"https:\/\/www.manologarciaycia.com\/index.php?rest_route=\/wp\/v2\/posts\/4194\/revisions"}],"predecessor-version":[{"id":4196,"href":"https:\/\/www.manologarciaycia.com\/index.php?rest_route=\/wp\/v2\/posts\/4194\/revisions\/4196"}],"wp:attachment":[{"href":"https:\/\/www.manologarciaycia.com\/index.php?rest_route=%2Fwp%2Fv2%2Fmedia&parent=4194"}],"wp:term":[{"taxonomy":"category","embeddable":true,"href":"https:\/\/www.manologarciaycia.com\/index.php?rest_route=%2Fwp%2Fv2%2Fcategories&post=4194"},{"taxonomy":"post_tag","embeddable":true,"href":"https:\/\/www.manologarciaycia.com\/index.php?rest_route=%2Fwp%2Fv2%2Ftags&post=4194"}],"curies":[{"name":"wp","href":"https:\/\/api.w.org\/{rel}","templated":true}]}}