{"id":4192,"date":"2012-12-04T07:40:28","date_gmt":"2012-12-04T06:40:28","guid":{"rendered":"http:\/\/www.manologarciaycia.com\/?p=4192"},"modified":"2012-12-04T07:40:28","modified_gmt":"2012-12-04T06:40:28","slug":"mg-no-me-interesa-tanto-la-gloria-del-futuro-como-la-del-momento","status":"publish","type":"post","link":"https:\/\/www.manologarciaycia.com\/?p=4192","title":{"rendered":"MG: \u00abNo me interesa tanto la gloria del futuro como la del momento\u00bb"},"content":{"rendered":"<p><img loading=\"lazy\" decoding=\"async\" class=\"alignright\" src=\"http:\/\/www.elcultural.es\/imgNoticias\/2012\/4120_1.jpg\" alt=\"\" width=\"300\" height=\"205\" \/>En el g\u00e9nero cada vez m\u00e1s recurrente del documental musical, es habitual ver a los artistas hastiados de las giras, de la soledad de los hoteles, de la lejan\u00eda de sus familias, del aburrimiento de la comida de bar&#8230; A pesar de que es veterano, Manolo Garc\u00eda sigue disfrut\u00e1ndolas. Echa a la maleta acuarelas y t\u00e9mperas y se entretiene pintando, su otra vocaci\u00f3n, entre concierto y concierto. Tambi\u00e9n lee, escucha m\u00fasica y, sobre todo, pone la cabeza en lo que est\u00e1 por venir, en el pr\u00f3ximo disco siempre.\u00a0<strong>\u00abA los 13 a\u00f1os tuve una revelaci\u00f3n y dije que iba a ser m\u00fasico. Hoy sigo dese\u00e1ndolo\u00bb<\/strong>, sentencia. Por eso ya tiene apuntes de lo que ser\u00e1 su nuevo trabajo, en el que, adelanta, se colar\u00e1 la situaci\u00f3n presente. La gira que hoy cierra en el Palacio de Congresos de Madrid se ha ajustado, precisamente, a esta coyuntura, escenarios m\u00e1s peque\u00f1os en los que ha podido disfrutar m\u00e1s que nunca de su muy variado p\u00fablico. Y ellos de \u00e9l: \u00abParece que con este punto gris de la crisis la gente va a los conciertos a\u00a0liberarse\u00bb.<\/p>\n<p><strong>Pregunta.-<\/strong>\u00a0Ha dado m\u00e1s de 50 conciertos. \u00bfQu\u00e9 balance hace de esta gira?<br \/>\n<strong>Respuesta.-<\/strong>\u00a0Los conciertos han estado repartidos en 10 meses con lo cual ha sido muy llevadera, con una media de dos conciertos por semana. En realidad la parte m\u00e1s dura de las giras son los viajes, los hoteles&#8230; pero los conciertos son bonitos,\u00a0<strong>no me arrepiento de haber elegido esta profesi\u00f3n. Hasta la disfruto m\u00e1s ahora, porque soy m\u00e1s consciente de lo que hago<\/strong>. Me da incluso un poco de nostalgia acabar, es se\u00f1al de que lo hemos pasado bien. La respuesta del p\u00fablico ha sido estupenda, han sido conciertos de formato mediano, con una media de 2.000 personas, a veces 3.000. Eso te permite estar c\u00f3modo, sonar bien, ofrecer un equipo de luces bonito. Ha sido una gira muy c\u00e1lida.<\/p>\n<p><strong>P.-\u00a0<\/strong>Es raro que un m\u00fasico veterano siga hablando bien de las giras, disfrut\u00e1ndolas. Usted lleva m\u00e1s de 30 a\u00f1os&#8230;<br \/>\n<strong>R.-<\/strong>\u00a0Yo a los 13 a\u00f1os tuve una revelaci\u00f3n. Me levant\u00e9 una ma\u00f1ana y dije que iba a ser m\u00fasico. Ese deseo se ha cumplido y sigo dese\u00e1ndolo. Tengo ilusi\u00f3n, acabo la gira y me pongo a componer, a plantear giras futuras en ciudades a las que no he ido. En su d\u00eda tuve la confianza de pensar que ten\u00eda unas aptitudes, una voz, un o\u00eddo musical, etc\u00e9tera y en eso he estado. Tengo mis truquitos y mis recursos para la parte que podr\u00eda ser m\u00e1s tediosa. Leo mucho, escucho mucha m\u00fasica, dibujo en las giras, hago acuarelas, t\u00e9mperas&#8230; Lo paso bien. Al cabo de los a\u00f1os, tambi\u00e9n vas conociendo lugares y amigos en todas partes y te apetece volver a verlos cuando sales de viaje. Y el escenario lo disfruto siempre, especialmente en esta gira, en la que me he encontrado con un p\u00fablico muy contento. A pesar de ese punto gris de la crisis ves que ahora la gente va a los conciertos a liberarse, por eso me ha encantado esta gira.\u00a0<strong>Nadie podr\u00e1 decir nunca que me ha visto estar por cumplir<\/strong>.<\/p>\n<p><strong>P.-<\/strong>\u00a0Ahora que dice que lee mucho en los viajes, me gustar\u00eda preguntarle por sus letras. Parece que la poes\u00eda se haya ensanchado con el tiempo en sus canciones. \u00bfQui\u00e9n le ha ayudado?<br \/>\n<strong>R.-<\/strong>\u00a0En tiempos de El \u00faltimo de la fila ten\u00eda ya esa pretensi\u00f3n, contaba con menos bagaje pero hab\u00eda un intento de dejar un discurso personal propio. Voy ensanchando horizontes y para ello leo a los cl\u00e1sicos siempre, a los pesos pesados. No s\u00f3lo como entretenimiento, sino con vocaci\u00f3n de formarme.\u00a0<strong>As\u00ed Descubr\u00ed a Salinas, a Cernuda&#8230; y a gente moderna como Manuel Vilas o Eduardo Chirinos. \u00a1Tanta gente! O Gil de Biedma, un semidi\u00f3s de la poes\u00eda, que todo lo que hizo fue cojonud\u00edsimo<\/strong>. Luego, en la m\u00fasica, me han influido todos los que han dejado una impronta en los textos: Dylan, Cohen, Patti Smith, a la que vi el otro d\u00eda y me encant\u00f3. Gente que ha tenido una pretensi\u00f3n no s\u00f3lo l\u00fadica.\u00a0<strong>Como ellos, yo he estado en esa b\u00fasqueda del lirismo, de forma humilde, s\u00ed, pero intensa<\/strong>. Y en espa\u00f1ol, claro, Drexler, Auser\u00f3n, Sabina&#8230;<\/p>\n<p><strong>P.-<\/strong>\u00a0En esa b\u00fasqueda que no para, creo que ya tiene ideas para el nuevo \u00e1lbum. Desde luego, material para inspirarse hay.<br \/>\n<strong>R.-<\/strong>\u00a0<strong>En mis \u00faltimos trabajos hay pinceladas medioambientales y met\u00e1foras de lo que est\u00e1 pasando. Me preocupa mucho la situaci\u00f3n social y ahora no digamos<\/strong>. Algo de esa indignaci\u00f3n va a salir seguro y es probable que tenga mayor carga, aunque de momento lo que tengo son apuntes. Voy abocetando alguna idea, pero no hay nada acabado.<\/p>\n<p><strong>P.-<\/strong>\u00a0\u00bfQu\u00e9 le enfada m\u00e1s de todo el tinglado?<br \/>\n<strong>R.-<\/strong>\u00a0Lo que me cabrea m\u00e1s es la desprotecci\u00f3n a los m\u00e1s d\u00e9biles.\u00a0<strong>En manos de bancos americanos o alemanes, me da igual, estamos entre todos desprotegiendo a los m\u00e1s d\u00e9biles<\/strong>. Es algo que corresponde a toda la ciudadan\u00eda, por eso es admirable una iniciativa como Stop Desahucios. Lo de este fin de semana, que los discapacitados hayan salido a la calle para ponerles la cara de colorada a los pol\u00edticos&#8230; somos un pa\u00eds laico, pero tambi\u00e9n cristiano, \u00bfno? Siquiera por esos valores de la cristiandad, por la compasi\u00f3n o la piedad, deber\u00edamos estar ayudando a los de abajo.\u00a0<strong>Es una canallada que los de abajo paguen el pato<\/strong>. Dec\u00eda Obama el otro d\u00eda que iba a mirar si los m\u00e1s ricos pod\u00edan pagar m\u00e1s impuestos, pues as\u00ed deber\u00edamos actuar aqu\u00ed. Es poco cristiano permitir que a la gente que est\u00e1 en paro adem\u00e1s se le acabe la seguridad social.<\/p>\n<p><strong>P.-<\/strong>\u00a0Usted es de Barcelona. \u00bfC\u00f3mo ve lo que ha pasado con las elecciones catalanas?<br \/>\n<strong>R.-<\/strong>\u00a0En Catalu\u00f1a ha habido una actitud mesi\u00e1nica que, sobre todo, ha escondido el problema de fondo, los recortes y la econom\u00eda. Primero hay que atender a lo que hay que atender; luego podr\u00e9 responder a la pregunta. Es un tema delicado, por eso quiero que quede clara mi opini\u00f3n: lo urgente es cubrir las espaldas de la gente que pasa penurias. Si se hace en orden, quiero decir,<strong>si se plantea la posibilidad de cambiar la Constituci\u00f3n, si se hacen las cosas con respeto, entonces me parecer\u00eda correcto que haya regiones que quieran ser independientes, \u00bfpor qu\u00e9 no? Yo ni lo apoyo ni me niego<\/strong>\u00a0a ello. Siempre he pensado que los estados peque\u00f1os son m\u00e1s llevaderos, menos agresivos.<\/p>\n<p><strong>P.-<\/strong>\u00a0De vuelta a la m\u00fasica. S\u00e9 de ni\u00f1os que cantan sus canciones. Le gusta a gente en la veintena, la treitena&#8230; a los de su generaci\u00f3n, a las anteriores. Un logro, \u00bfno?<br \/>\n<strong>R.-<\/strong>\u00a0Es un orgullo y a veces una sensaci\u00f3n de responsabilidad, hay gente tan variada que me escucha que no puedo fallar. Pero es una alegr\u00eda, me da sensaci\u00f3n, si me lo permites, de atemporalidad.<\/p>\n<p><strong>P.-<\/strong>\u00a0\u00bfLe preocupa la posteridad?<br \/>\n<strong>R.-<\/strong>\u00a0No,\u00a0<strong>no me interesa pasar a la historia de la m\u00fasica ni a los libros<\/strong>. No me interesa tanto la gloria del futuro como la del momento. Me interesa hacer mi trabajo dignamente y que alguien me diga que a su hijo le guste su trabajo me da mucha alegr\u00eda. Y a lo mejor cuando me lo dicen me tomo un caf\u00e9 con ellos y me pongo a hablar de pel\u00edculas, ah\u00ed es cuando disfruto.<\/p>\n<p><strong>P.-<\/strong>\u00a0\u00bfEl \u00daltimo de la fila sigue estando en el \u00faltimo lugar de su lista de prioridades?<br \/>\n<strong>R.-<\/strong>\u00a0Siempre hemos dicho que no.\u00a0<strong>Quimi [Portet] tiene su rutina de trabajo y ninguno de los dos somos &#8216;a\u00f1oradizos&#8217;. Yo siempre estoy muy picado con mi trabajo, somos muy distintos pero en eso s\u00ed nos parecemos<\/strong>. La respuesta es no, seguro, al menos no como una cosa seria. Una vez quisimos dar un concierto ben\u00e9fico pero como Los burros, y al final tampoco sali\u00f3. No, no, estamos fuera de eso.<\/p>\n<p>Fuente: El Cultural &#8211; <a href=\"http:\/\/www.elcultural.es\/noticias\/BUENOS_DIAS\/4120\/Manolo_Garcia\" target=\"_blank\">ENLACE<\/a><\/p>\n","protected":false},"excerpt":{"rendered":"<p>En el g\u00e9nero cada vez m\u00e1s recurrente del documental musical, es habitual ver a los artistas hastiados de las giras, de la soledad de los hoteles, de la lejan\u00eda de sus familias, del aburrimiento de la comida de bar&#8230; A pesar de que es veterano, Manolo Garc\u00eda sigue disfrut\u00e1ndolas. Echa a la maleta acuarelas y<a class=\"moretag\" href=\"https:\/\/www.manologarciaycia.com\/?p=4192\" title=\"MG: \u00abNo me interesa tanto la gloria del futuro como la del momento\u00bb\" target=\"_self\" rel=\"follow\"> <font face=arial size=2>[Leer m\u00e1s]<\/font> <\/a><\/p>\n","protected":false},"author":2,"featured_media":0,"comment_status":"closed","ping_status":"closed","sticky":false,"template":"","format":"standard","meta":{"footnotes":""},"categories":[1],"tags":[],"class_list":["post-4192","post","type-post","status-publish","format-standard","hentry","category-manolo-garcia"],"_links":{"self":[{"href":"https:\/\/www.manologarciaycia.com\/index.php?rest_route=\/wp\/v2\/posts\/4192","targetHints":{"allow":["GET"]}}],"collection":[{"href":"https:\/\/www.manologarciaycia.com\/index.php?rest_route=\/wp\/v2\/posts"}],"about":[{"href":"https:\/\/www.manologarciaycia.com\/index.php?rest_route=\/wp\/v2\/types\/post"}],"author":[{"embeddable":true,"href":"https:\/\/www.manologarciaycia.com\/index.php?rest_route=\/wp\/v2\/users\/2"}],"replies":[{"embeddable":true,"href":"https:\/\/www.manologarciaycia.com\/index.php?rest_route=%2Fwp%2Fv2%2Fcomments&post=4192"}],"version-history":[{"count":1,"href":"https:\/\/www.manologarciaycia.com\/index.php?rest_route=\/wp\/v2\/posts\/4192\/revisions"}],"predecessor-version":[{"id":4193,"href":"https:\/\/www.manologarciaycia.com\/index.php?rest_route=\/wp\/v2\/posts\/4192\/revisions\/4193"}],"wp:attachment":[{"href":"https:\/\/www.manologarciaycia.com\/index.php?rest_route=%2Fwp%2Fv2%2Fmedia&parent=4192"}],"wp:term":[{"taxonomy":"category","embeddable":true,"href":"https:\/\/www.manologarciaycia.com\/index.php?rest_route=%2Fwp%2Fv2%2Fcategories&post=4192"},{"taxonomy":"post_tag","embeddable":true,"href":"https:\/\/www.manologarciaycia.com\/index.php?rest_route=%2Fwp%2Fv2%2Ftags&post=4192"}],"curies":[{"name":"wp","href":"https:\/\/api.w.org\/{rel}","templated":true}]}}