{"id":4182,"date":"2012-12-03T08:44:49","date_gmt":"2012-12-03T07:44:49","guid":{"rendered":"http:\/\/www.manologarciaycia.com\/?p=4182"},"modified":"2012-12-03T08:44:31","modified_gmt":"2012-12-03T07:44:31","slug":"mg-ahora-toca-actuar-para-publicos-mas-reducidos","status":"publish","type":"post","link":"https:\/\/www.manologarciaycia.com\/?p=4182","title":{"rendered":"MG: \u00abAhora toca actuar para p\u00fablicos m\u00e1s reducidos\u00bb"},"content":{"rendered":"<p><img loading=\"lazy\" decoding=\"async\" class=\"alignleft\" src=\"http:\/\/www.abc.es\/Media\/201211\/29\/ManoloGarcia2012--644x362.jpg\" alt=\"Manolo Garc\u00eda: \u00abAhora toca actuar para p\u00fablicos m\u00e1s reducidos\u00bb\" width=\"451\" height=\"253\" \/><\/p>\n<p>El m\u00fasico catal\u00e1n concluye en Madrid, el 4 de diciembre, su gira de teatros con el disco \u00abLos d\u00edas intactos\u00bb. Manolo Garc\u00eda afirma que ya tiene ideas en la cabeza para un nuevo \u00e1lbum.<\/p>\n<p>Manolo Garc\u00eda pone este martes, en el\u00a0<strong>Palacio de Congresos de Madrid<\/strong>, punto final a su gira de teatros. Con ella ha presentado en directo, por toda Espa\u00f1a,\u00a0<strong>\u00abLos d\u00edas intactos\u00bb<\/strong>, la m\u00e1s reciente entrega de su discograf\u00eda.<\/p>\n<p>\u00bf<strong>Cu\u00e1l dir\u00eda que es el balance de la gira que ahora concluye?<\/strong><\/p>\n<p>Un balance magn\u00edfico, porque este espacio te da una posibilidad de ofrecer un concierto \u00f3ptimo a nivel de sonido y de luces. No voy a enga\u00f1ar a nadie, el hecho de escoger este tipo de formato medio no es tanto por gusto como por obligaci\u00f3n. Todos hemos tocado en sitios grandes otras temporadas, y est\u00e1 bien, pero al final las cosas son as\u00ed, por la crisis, y todos nos vamos dando cuenta de que hay que tocar para un p\u00fablico m\u00e1s reducido. Hay varios factores que te obligan, supongo, pero tambi\u00e9n yo he dado giras de invierno en sitios medianos, y la verdad es que me encuentro muy a gusto. Durante a\u00f1os, desde la \u00e9poca de\u00a0<strong>El \u00daltimo de la Fila<\/strong>, he podido hacer conciertos grandes, en sitios enormes en ocasiones, y s\u00e9 lo que es eso, pero en cuanto a sonido, iluminaci\u00f3n y espect\u00e1culo, para m\u00ed es mucho mejor este formato, porque hay un acercamiento que humaniza el concierto. A m\u00ed, lo de ver al m\u00fasico en una pantalla gigante porque est\u00e1s a 200 metros, la verdad es que nunca me ha convencido del todo. Creo que la proximidad f\u00edsica a\u00f1ade emotividad, a\u00f1ade valor al concierto.<\/p>\n<p id=\"U1503748579464jbF\"><strong>El p\u00fablico puede verle la cara. Y el m\u00fasico, \u00bfse fija tambi\u00e9n en los rostros que tiene delante?<\/strong><\/p>\n<p>Absolutamente. La otra noche ten\u00eda una mujer en la segunda fila con unos ojos azules impresionantes, y por un momento pens\u00e9 \u00ab\u00a1Vaya ojazos!\u00bb. Claro que s\u00ed.<\/p>\n<p id=\"U1503748579464U8D\"><strong>En la gira, al menos, no ha habido asientos vac\u00edos. \u00bfPero se nota la crisis en el \u00e1nimo de la gente?<\/strong><\/p>\n<p>No. Los que acuden al concierto est\u00e1n ah\u00ed, saben el tipo de repertorio que yo puedo ofrecer, y es gente muy bien predispuesta. Son seguidores, y el \u00e1nimo est\u00e1 arriba. No s\u00e9 c\u00f3mo ser\u00e1 ese \u00e1nimo media hora antes o tres horas despu\u00e9s, pero durante el tiempo que est\u00e1n all\u00ed, est\u00e1n contentos, est\u00e1n agarrados, igual que nosotros.<\/p>\n<p id=\"U15037485794644GE\"><strong>\u00bfQu\u00e9 tienen sus canciones para seguir emocionando a tanta gente?<\/strong><\/p>\n<p>Quiero pensar que sinceridad, y que es algo impalpable, no tangible, pero que a nivel mel\u00f3dico, de melod\u00eda, de texto, llega. No s\u00e9 muy bien por qu\u00e9, porque para m\u00ed es dif\u00edcil analizarlo, lo \u00fanico que puedo decir es que son sinceras. No hago canciones pensando en vender el disco. Yo hago canciones porque es una necesidad m\u00eda de compartir y de mostrar un mundo de quimeras, no ya tanto personal, como mi visi\u00f3n del mundo. Cada artista tiene un discurso, que es como un bander\u00edn de enganche, al que cada uno se agarra porque le parece correcto, comulga con esas ideas, con esa forma de sentir, de percibir, y a cada artista nos toca una peque\u00f1a, mediana o gran legi\u00f3n de personas que ven el mundo con los mismos colores, o parecidos.<\/p>\n<p id=\"U150374857946465E\"><strong>Dentro de ese mundo personal, \u00bfqu\u00e9 ha aportado \u00abLos d\u00edas intactos\u00bb?<\/strong><\/p>\n<p>Canciones. El valor que le doy a un disco es el de que contenga nuevas obras, peque\u00f1as, hablamos de obras de tres o cuatro minutos que conmuevan de nuevo, que te hagan mejor persona o m\u00e1s sensible a lo que te rodea, m\u00e1s abierto al mundo, y quiero pensar que mi disco pueda tener algo de eso. La verdad es que la instrumentaci\u00f3n, los arreglos son muy, y vuelvo a la palabra, sinceros. Los m\u00fasicos que est\u00e1n ah\u00ed, no es que se dejen la piel, sino el alma, aunque suene grandilocuente. Con cualquier disco que hago me sucede lo mismo. Luego tendr\u00e1 m\u00e1s aceptaci\u00f3n o no, pero no conciboombre, puede haber un disco que haya alg\u00fan mercenario, que le da un poco igual, pero el porcentaje de m\u00fasicos tocando de una manera muy entregada y muy sincera es alt\u00edsimo.<\/p>\n<p id=\"U1503748579464HlE\"><strong>\u00bfQu\u00e9 le pareci\u00f3 la concesi\u00f3n del Premio de M\u00fasicas Actuales a Kiko Veneno?<\/strong><\/p>\n<p>Bien. Es un hombre veterano ya en el mundo de la m\u00fasica nacional, lleva una cantidad importante de buenas canciones, para m\u00ed es un letrista muy ocurrente, muy ingenioso, con mucha chispa. Creo que es merecido.<\/p>\n<p id=\"U1503748579464ROC\"><strong>\u00bfSe est\u00e1 empezando a reconocer la labor cultural de los m\u00fasicos?<\/strong><\/p>\n<p>Bueno, el rock ha estado siempre en ese sector de la cultura callejera, popular, donde lo importante era la fiesta, el ruido, el cachondeo. Luego, con los a\u00f1os, han llegado m\u00fasicos de rock que no solo buscan la parte l\u00fadico, sino tambi\u00e9n ofrecer una parte m\u00e1s l\u00edrica, m\u00e1s po\u00e9tica. Ah\u00ed estar\u00edan\u00a0Leonard Cohen,\u00a0Bob Dylan,\u00a0Patti Smith, y m\u00fasicos de todas las nacionalidades, que tienen un inter\u00e9s por el texto, como en ItaliaFranco Battiato. En Espa\u00f1a se puede citar a\u00a0Luis Eduardo Aute, por ejemplo, y a\u00a0Joaqu\u00edn Sabina, c\u00f3mo no. Yo he procurado siempre que mis textos sean dignos, que tengan una parte po\u00e9tica important\u00edsima. Que se reconozca es buena se\u00f1al, porque el mensaje ha calado, y hay gente a la que le llega, no solo gente de la calle, sino que la familia de la cultura empieza a atender a esa llamada musical y le da ese car\u00e1cter, y ese peque\u00f1o trono de poes\u00eda musicada al rock.<\/p>\n<p id=\"U1503748579464oZG\"><strong>Ahora cierra la gira de teatros. \u00bfCu\u00e1l va a ser su futuro inmediato?<\/strong><\/p>\n<p>Quiero empezar ya a componer. De hecho estoy ya con ideas nuevas, y quiero acelerar, no en plan de darme prisa, pero no dormirme, porque el trabajo del m\u00fasico requiere cierta disciplina. Es un trabajo completamente liberal, un trabajo que nadie te obliga, puedes emprenderlo cu\u00e1ndo y c\u00f3mo te da la gana. Puedes caer en el peligro del abandono, o la holgazaner\u00eda, hablando claro. Quiero, entre comillas, obligarme a empezar cosas nuevas, y pintar cuadros nuevos tambi\u00e9n, para organizar una exposici\u00f3n el a\u00f1o que viene.<\/p>\n<p>Fuente: ABC &#8211; Pablo Martinez Pita- <a href=\"http:\/\/www.abc.es\/cultura\/musica\/20121203\/abci-manologarcia-201211292212.html\" target=\"_blank\">ENLACE<\/a><\/p>\n","protected":false},"excerpt":{"rendered":"<p>El m\u00fasico catal\u00e1n concluye en Madrid, el 4 de diciembre, su gira de teatros con el disco \u00abLos d\u00edas intactos\u00bb. Manolo Garc\u00eda afirma que ya tiene ideas en la cabeza para un nuevo \u00e1lbum. Manolo Garc\u00eda pone este martes, en el\u00a0Palacio de Congresos de Madrid, punto final a su gira de teatros. Con ella ha<a class=\"moretag\" href=\"https:\/\/www.manologarciaycia.com\/?p=4182\" title=\"MG: \u00abAhora toca actuar para p\u00fablicos m\u00e1s reducidos\u00bb\" target=\"_self\" rel=\"follow\"> <font face=arial size=2>[Leer m\u00e1s]<\/font> <\/a><\/p>\n","protected":false},"author":2,"featured_media":0,"comment_status":"closed","ping_status":"closed","sticky":false,"template":"","format":"standard","meta":{"footnotes":""},"categories":[1],"tags":[],"class_list":["post-4182","post","type-post","status-publish","format-standard","hentry","category-manolo-garcia"],"_links":{"self":[{"href":"https:\/\/www.manologarciaycia.com\/index.php?rest_route=\/wp\/v2\/posts\/4182","targetHints":{"allow":["GET"]}}],"collection":[{"href":"https:\/\/www.manologarciaycia.com\/index.php?rest_route=\/wp\/v2\/posts"}],"about":[{"href":"https:\/\/www.manologarciaycia.com\/index.php?rest_route=\/wp\/v2\/types\/post"}],"author":[{"embeddable":true,"href":"https:\/\/www.manologarciaycia.com\/index.php?rest_route=\/wp\/v2\/users\/2"}],"replies":[{"embeddable":true,"href":"https:\/\/www.manologarciaycia.com\/index.php?rest_route=%2Fwp%2Fv2%2Fcomments&post=4182"}],"version-history":[{"count":2,"href":"https:\/\/www.manologarciaycia.com\/index.php?rest_route=\/wp\/v2\/posts\/4182\/revisions"}],"predecessor-version":[{"id":4188,"href":"https:\/\/www.manologarciaycia.com\/index.php?rest_route=\/wp\/v2\/posts\/4182\/revisions\/4188"}],"wp:attachment":[{"href":"https:\/\/www.manologarciaycia.com\/index.php?rest_route=%2Fwp%2Fv2%2Fmedia&parent=4182"}],"wp:term":[{"taxonomy":"category","embeddable":true,"href":"https:\/\/www.manologarciaycia.com\/index.php?rest_route=%2Fwp%2Fv2%2Fcategories&post=4182"},{"taxonomy":"post_tag","embeddable":true,"href":"https:\/\/www.manologarciaycia.com\/index.php?rest_route=%2Fwp%2Fv2%2Ftags&post=4182"}],"curies":[{"name":"wp","href":"https:\/\/api.w.org\/{rel}","templated":true}]}}