{"id":4174,"date":"2012-11-30T08:51:32","date_gmt":"2012-11-30T07:51:32","guid":{"rendered":"http:\/\/www.manologarciaycia.com\/?p=4174"},"modified":"2013-11-30T06:55:47","modified_gmt":"2013-11-30T05:55:47","slug":"mg-estamos-aqui","status":"publish","type":"post","link":"https:\/\/www.manologarciaycia.com\/?p=4174","title":{"rendered":"MG: Estamos aqu\u00ed"},"content":{"rendered":"<p>\u201cEstamos aqu\u00ed, estoy aqu\u00ed\u201d canta\u00a0<strong>Manolo Garc\u00eda<\/strong>\u00a0en su canci\u00f3n Estamos Ah\u00ed. Los seguidores del barcelon\u00e9s pensar\u00edan ayer \u201cpor fin\u201d. Porque el catal\u00e1n tuvo que cancelar\u00a0en primavera parte de su gira donde presenta su \u00faltimo trabajo Los D\u00edas Intactos por problemas de salud. Una lumbalgia y una apendicitis lo dejaron en el dique seco durante unos meses y sus problemas de espalda siguen ah\u00ed. Tanto que tuvo que parar en alg\u00fan concierto. Y eso que los tiempos han cambiado y lejos quedan aquellas giras multitudinarias cuando llenaba lugares como el Vel\u00f3dromo de Anoeta en los tiempos de El \u00daltimo de la Fila o a\u00f1os despu\u00e9s en solitario.<br \/>\n<a href=\"http:\/\/vamosdeconciertos.com\/wp-content\/uploads\/2012\/11\/manolo-garcia-kursaal.jpg\" class='lightbox'><img loading=\"lazy\" decoding=\"async\" class=\"aligncenter\" alt=\"\" src=\"http:\/\/vamosdeconciertos.com\/wp-content\/uploads\/2012\/11\/manolo-garcia-kursaal.jpg\" width=\"600\" height=\"401\" \/><\/a><br \/>\nAhora las giras son m\u00e1s pausadas, con dos conciertos por\u00a0semana, permiti\u00e9ndole volver a su casa sin mayores problemas. Ayer llen\u00f3 por una noche (hace bien poco lo hac\u00eda por partida doble) el cubo grande del Kursaal. Sus m\u00e1s fieles seguidores disfrutaron de un esforzado concierto de algo m\u00e1s de dos horas y media de duraci\u00f3n. Manolo Garc\u00eda deja sus dolores en el camerino y lo da todo sobre el escenario y fuera de \u00e9l (incontables fueron las ocasiones en las que baj\u00f3 a la zona de las butacas). Un concierto que, como veremos, fue excelente en su planteamiento general pero que fue algo fall\u00f3n en los tempos.<\/p>\n<p>.<\/p>\n<p>Delante de una colorida y algo hortera cortina arranc\u00f3 Manolo Garc\u00eda junto a Nacho Lesko al piano rememorando los viejos tiempos de Los Burros con\u00a0Navaja De Papel. Tras tan especial comienzo se incorpor\u00f3 buena parte de la banda para, en ac\u00fastico y tono aflamencado, interpretar\u00a0La Sombra De Una Palmera. Ya para entonces se le ve\u00eda muy suelto y c\u00f3modo a Garc\u00eda, conectando f\u00e1cilmente con su p\u00fablico. Ya en el formato normal y sin cortinas de por medio, el concierto subi\u00f3 enteros con temas como\u00a0Aviones Plateados o\u00a0Un alma de papel. Uno de los momentos cumbre lleg\u00f3 con\u00a0Malva, del disco Para Que No Se Duerman Mis Sentidos. Un tema que en directo lleg\u00f3 a su m\u00e1xima expresi\u00f3n gracias a sus largos desarrollos musicales en los que hasta el propio Garc\u00eda particip\u00f3. Luego sonar\u00edan\u00a0A Veces Se Enciende,\u00a0Sabr\u00e1s Que Andar Es Un Sencillo Vaiv\u00e9n o\u00a0Todos Amamos Desesperadamente.<\/p>\n<p>El show escond\u00eda una sorpresa en forma de ballet protagonizado por una chica que se ve\u00eda al fondo del escenario en forma de sombras chinas mientras sonaba\u00a0Compasi\u00f3n y Silencio. Luego saltar\u00eda al escenario la bailarina para bailar tirada por unas cintas el\u00e1sticas al ritmo de la poderosa\u00a0Sin Que Sepas De M\u00ed, con un final escalofriante al ritmo de unas\u00a0guitarras psicod\u00e9licas. El concierto se convertir\u00eda en toda una fiesta con\u00a0Sombra De La Sombra De Tu Sombrero,\u00a0Estoy Alegre o\u00a0Nunca El Tiempo Es Perdido. Y subir\u00eda a\u00fan m\u00e1s con\u00a0Un Giro Teatral,\u00a0Un A\u00f1o Y Otro A\u00f1o,\u00a0Somos Levedad, y cerrar el set principal y buena parte del p\u00fablico en pi\u00e9 con\u00a0A San Fernando, Un Ratito A Pie Y Otro Caminando.<\/p>\n<p>El primer retorno servir\u00eda para dedicar el concierto a Quimi Portet y Ruper Ordorika, un buen amigo de ambos. Manolo Garc\u00eda no es amigo de soltar parrafadas entre canci\u00f3n y canci\u00f3n, pero suelta perlas de vez en cuando en forma de recuerdos o reivindicaciones. Se acord\u00f3 de los que lo est\u00e1n pasando mal por culpa de la crisis, de las gentes del campo, o de los j\u00f3venes que se tienen que ir fuera y que, seg\u00fan \u00e9l, no tendr\u00edan que hacerlo porque su futuro deber\u00eda estar aqu\u00ed. Y como el tipo es agradecido, reconoci\u00f3 el esfuerzo realizado por los asistentes para poder verlo. Y tras ese subid\u00f3n inteligentemente ejecutado por Garc\u00eda y su banda, son\u00f3 raro el baj\u00f3n que peg\u00f3 con temas como Cabalgar La Eternidad,\u00a0Zapatero, o\u00a0Prefiero El Trapecio.<\/p>\n<p>El fin de fiesta arranc\u00f3 con el tema de El \u00daltimo De La Fila\u00a0Insurrecci\u00f3n, muy aplaudida por sus incondicionales. Y volvi\u00f3 a bajar algo el tempo con\u00a0P\u00e1jaros De Barro o, ya al final y con la cortina de nuevo en el escenario cerrar en tono flamenco con\u00a0En El Batir De Los Mares y la ranchera Cuando Yo Quiera Has De Volver, un tema donde su protagonista va muy sobrao. Sus incondicionales lo aplaudieron con v\u00edtores, agradeci\u00e9ndole el esfuerzo por ofrecer un espect\u00e1culo redondo, completo y largo. Aunque con un ritmo, cual campana de gauss, poco conseguido.<\/p>\n<p>Fuente: Vamos de Concierto &#8211; <a href=\"http:\/\/vamosdeconciertos.com\/estamos-aqui-cronica-del-concierto-de-manolo-garcia-en-el-kursaal-donostiarra\/\" target=\"_blank\">ENLACE<\/a><\/p>\n","protected":false},"excerpt":{"rendered":"<p>\u201cEstamos aqu\u00ed, estoy aqu\u00ed\u201d canta\u00a0Manolo Garc\u00eda\u00a0en su canci\u00f3n Estamos Ah\u00ed. Los seguidores del barcelon\u00e9s pensar\u00edan ayer \u201cpor fin\u201d. Porque el catal\u00e1n tuvo que cancelar\u00a0en primavera parte de su gira donde presenta su \u00faltimo trabajo Los D\u00edas Intactos por problemas de salud. Una lumbalgia y una apendicitis lo dejaron en el dique seco durante unos meses<a class=\"moretag\" href=\"https:\/\/www.manologarciaycia.com\/?p=4174\" title=\"MG: Estamos aqu\u00ed\" target=\"_self\" rel=\"follow\"> <font face=arial size=2>[Leer m\u00e1s]<\/font> <\/a><\/p>\n","protected":false},"author":2,"featured_media":0,"comment_status":"closed","ping_status":"closed","sticky":false,"template":"","format":"standard","meta":{"footnotes":""},"categories":[1],"tags":[],"class_list":["post-4174","post","type-post","status-publish","format-standard","hentry","category-manolo-garcia"],"_links":{"self":[{"href":"https:\/\/www.manologarciaycia.com\/index.php?rest_route=\/wp\/v2\/posts\/4174","targetHints":{"allow":["GET"]}}],"collection":[{"href":"https:\/\/www.manologarciaycia.com\/index.php?rest_route=\/wp\/v2\/posts"}],"about":[{"href":"https:\/\/www.manologarciaycia.com\/index.php?rest_route=\/wp\/v2\/types\/post"}],"author":[{"embeddable":true,"href":"https:\/\/www.manologarciaycia.com\/index.php?rest_route=\/wp\/v2\/users\/2"}],"replies":[{"embeddable":true,"href":"https:\/\/www.manologarciaycia.com\/index.php?rest_route=%2Fwp%2Fv2%2Fcomments&post=4174"}],"version-history":[{"count":4,"href":"https:\/\/www.manologarciaycia.com\/index.php?rest_route=\/wp\/v2\/posts\/4174\/revisions"}],"predecessor-version":[{"id":7897,"href":"https:\/\/www.manologarciaycia.com\/index.php?rest_route=\/wp\/v2\/posts\/4174\/revisions\/7897"}],"wp:attachment":[{"href":"https:\/\/www.manologarciaycia.com\/index.php?rest_route=%2Fwp%2Fv2%2Fmedia&parent=4174"}],"wp:term":[{"taxonomy":"category","embeddable":true,"href":"https:\/\/www.manologarciaycia.com\/index.php?rest_route=%2Fwp%2Fv2%2Fcategories&post=4174"},{"taxonomy":"post_tag","embeddable":true,"href":"https:\/\/www.manologarciaycia.com\/index.php?rest_route=%2Fwp%2Fv2%2Ftags&post=4174"}],"curies":[{"name":"wp","href":"https:\/\/api.w.org\/{rel}","templated":true}]}}