{"id":4155,"date":"2012-11-29T10:37:37","date_gmt":"2012-11-29T09:37:37","guid":{"rendered":"http:\/\/www.manologarciaycia.com\/?p=4155"},"modified":"2012-11-29T10:37:37","modified_gmt":"2012-11-29T09:37:37","slug":"mg-participacion-de-manolo-garcia-en-calendario-forum-bayer","status":"publish","type":"post","link":"https:\/\/www.manologarciaycia.com\/?p=4155","title":{"rendered":"MG: Participaci\u00f3n de Manolo Garc\u00eda en Calendario Forum Bayer"},"content":{"rendered":"<p><img loading=\"lazy\" decoding=\"async\" class=\"alignleft\" src=\"https:\/\/fbcdn-sphotos-f-a.akamaihd.net\/hphotos-ak-prn1\/148716_10200113561587105_1749704380_n.jpg\" alt=\"\" width=\"457\" height=\"672\" \/>Varios personajes p\u00fablicos conforman un calendario de Forum Bayer que conciencia sobre la leishmaniosis canina. Forum Bayer ha presentado la IV edici\u00f3n de su calendario que conciencia sobre la importancia de prevenir la leishmaniosis canina y en el que participan el cantante y compositor Manolo Garc\u00eda o la modelo Marisa Jara. En concreto, las personalidades que han colaborado en esta IV edici\u00f3n del calendario, ser\u00e1 distribuido a todas las cl\u00ednicas veterinarias, son: el futbolista Cristian Tello; la meteor\u00f3loga M\u00f3nica L\u00f3pez; la &#8216;chef&#8217; Carme Ruscalleda; la periodista Olga Viza; el piloto de motociclismo Aleix Espargar\u00f3; la cantante Lucrecia; los actores y actrices Lola Baldrich, Carles Francino y Pablo Mart\u00edn y el humorista Micky Nadal.<\/p>\n<p>A su vez, la dise\u00f1adora \u00c1gatha Ruiz de la Prada ha ofrecido una original y exclusiva ilustraci\u00f3n para la portada del calendario de forma totalmente desinteresada. La leishmaniosis canina es una enfermedad grave y cr\u00f3nica, provocada por la picadura del flebotomo, un insecto parecido al mosquito. Si no se trata de modo adecuado, la leishmaniosis puede llegar a causar la muerte al animal. En general, el calendario contiene consejos \u00fatiles para proteger al perro del contacto con el flebotomo as\u00ed como indicaciones para la prevenci\u00f3n y el seguimiento de la enfermedad.<\/p>\n<p>Fuente: EuropaPress &#8211; <a href=\"http:\/\/www.europapress.es\/epsocial\/fundaciones\/noticia-varios-personajes-publicos-conforman-calendario-forum-bayer-conciencia-leishmaniosis-canina-20121128185043.html\" target=\"_blank\">ENLACE<\/a>\u00a0&#8211; Forum Bayer &#8211; <a href=\"http:\/\/www.forumbayer.es\/\" target=\"_blank\">ENLACE<\/a><\/p>\n","protected":false},"excerpt":{"rendered":"<p>Varios personajes p\u00fablicos conforman un calendario de Forum Bayer que conciencia sobre la leishmaniosis canina. Forum Bayer ha presentado la IV edici\u00f3n de su calendario que conciencia sobre la importancia de prevenir la leishmaniosis canina y en el que participan el cantante y compositor Manolo Garc\u00eda o la modelo Marisa Jara. En concreto, las personalidades<a class=\"moretag\" href=\"https:\/\/www.manologarciaycia.com\/?p=4155\" title=\"MG: Participaci\u00f3n de Manolo Garc\u00eda en Calendario Forum Bayer\" target=\"_self\" rel=\"follow\"> <font face=arial size=2>[Leer m\u00e1s]<\/font> <\/a><\/p>\n","protected":false},"author":2,"featured_media":0,"comment_status":"closed","ping_status":"closed","sticky":false,"template":"","format":"standard","meta":{"footnotes":""},"categories":[1],"tags":[],"class_list":["post-4155","post","type-post","status-publish","format-standard","hentry","category-manolo-garcia"],"_links":{"self":[{"href":"https:\/\/www.manologarciaycia.com\/index.php?rest_route=\/wp\/v2\/posts\/4155","targetHints":{"allow":["GET"]}}],"collection":[{"href":"https:\/\/www.manologarciaycia.com\/index.php?rest_route=\/wp\/v2\/posts"}],"about":[{"href":"https:\/\/www.manologarciaycia.com\/index.php?rest_route=\/wp\/v2\/types\/post"}],"author":[{"embeddable":true,"href":"https:\/\/www.manologarciaycia.com\/index.php?rest_route=\/wp\/v2\/users\/2"}],"replies":[{"embeddable":true,"href":"https:\/\/www.manologarciaycia.com\/index.php?rest_route=%2Fwp%2Fv2%2Fcomments&post=4155"}],"version-history":[{"count":2,"href":"https:\/\/www.manologarciaycia.com\/index.php?rest_route=\/wp\/v2\/posts\/4155\/revisions"}],"predecessor-version":[{"id":4158,"href":"https:\/\/www.manologarciaycia.com\/index.php?rest_route=\/wp\/v2\/posts\/4155\/revisions\/4158"}],"wp:attachment":[{"href":"https:\/\/www.manologarciaycia.com\/index.php?rest_route=%2Fwp%2Fv2%2Fmedia&parent=4155"}],"wp:term":[{"taxonomy":"category","embeddable":true,"href":"https:\/\/www.manologarciaycia.com\/index.php?rest_route=%2Fwp%2Fv2%2Fcategories&post=4155"},{"taxonomy":"post_tag","embeddable":true,"href":"https:\/\/www.manologarciaycia.com\/index.php?rest_route=%2Fwp%2Fv2%2Ftags&post=4155"}],"curies":[{"name":"wp","href":"https:\/\/api.w.org\/{rel}","templated":true}]}}