{"id":4150,"date":"2012-11-28T12:26:18","date_gmt":"2012-11-28T11:26:18","guid":{"rendered":"http:\/\/www.manologarciaycia.com\/?p=4150"},"modified":"2012-11-28T12:26:18","modified_gmt":"2012-11-28T11:26:18","slug":"mg-el-barcelones-manolo-garcia-presenta-hoy-en-el-kursaal-su-disco-los-dias-intactos-28-11-12-0134-inaki-zarata-san-sebastian","status":"publish","type":"post","link":"https:\/\/www.manologarciaycia.com\/?p=4150","title":{"rendered":"MG: El barcelon\u00e9s Manolo Garc\u00eda presenta hoy en el Kursaal su disco &#8216;Los d\u00edas intactos&#8217; 28.11.12 &#8211; 01:34 &#8211; I\u00d1AKI ZARATA | SAN SEBASTI\u00c1N."},"content":{"rendered":"<p>Tras haber suspendido su gira en la pasada primavera por problemas f\u00edsicos (primero una lumbalgia y luego un apendicitis), el cantante Manolo Garc\u00eda est\u00e1 de nuevo en acci\u00f3n y actuar\u00e1 desde las 20.00 horas de hoy en el auditorio del Kursaal donostiarra. El taquillaje estaba ayer pr\u00e1cticamente agotado y el artista estar\u00e1 tambi\u00e9n este viernes 30 en el pabell\u00f3n vitoriano Iradier Arena.<\/p>\n<p>Acompa\u00f1ar\u00e1n al ex El \u00daltimo de la Fila, los m\u00fasicos I\u00f1igo Goldaracena (guitarra bajo), Charly Sard\u00e0 (bater\u00eda), Nacho Lesko (teclados), Juan Carlos Garc\u00eda (percusi\u00f3n), Albert Serrano (guitarras), Ricardo Mar\u00edn (guitarras) y V\u00edctor Iniesta (guitarras). Un grupo en el que militan algunos de sus fieles instrumentistas que le vienen acompa\u00f1ado desde hace m\u00e1s de dos d\u00e9cadas.<\/p>\n<p>En esta ocasi\u00f3n, el creador catal\u00e1n presenta en una gira adaptada en parte a teatros y auditorios su \u00faltima obra discogr\u00e1fica &#8216;Los d\u00edas intactos&#8217;. Un disco generoso (16 canciones), con alg\u00fan t\u00edtulo (&#8216;Estoy alegre&#8217;) que parece mirar al presente con una sonrisa, a pesar de los sombr\u00edos tiempos en los que ha sido concebido. El cantante barcelon\u00e9s sigue en consecuencia pensando y actuando en positivo con sus habituales citas al mundo de la naturaleza e incluso al ambiente rural y colaborando con iniciativas ecologistas. Garc\u00eda se fue a grabar a USA para contar con la veterana guitarra de Waddy Watchel. A la vez que se lanzaba el nuevo disco, Manolo volv\u00eda a dar muestras de amplitud de miras creativas como pintor y escritor con la edici\u00f3n del libro &#8216;El fruto de la rama m\u00e1s alta&#8217;, que contiene escritos, los dibujos y pinturas realizados de los \u00faltimos a\u00f1os y las letras del nuevo \u00e1lbum.<\/p>\n<p>Fuente: Diario Vasco &#8211; <a href=\"http:\/\/www.diariovasco.com\/v\/20121128\/cultura\/barcelons-manolo-garca-presenta-20121128.html\" target=\"_blank\">ENLACE<\/a><\/p>\n","protected":false},"excerpt":{"rendered":"<p>Tras haber suspendido su gira en la pasada primavera por problemas f\u00edsicos (primero una lumbalgia y luego un apendicitis), el cantante Manolo Garc\u00eda est\u00e1 de nuevo en acci\u00f3n y actuar\u00e1 desde las 20.00 horas de hoy en el auditorio del Kursaal donostiarra. El taquillaje estaba ayer pr\u00e1cticamente agotado y el artista estar\u00e1 tambi\u00e9n este viernes<a class=\"moretag\" href=\"https:\/\/www.manologarciaycia.com\/?p=4150\" title=\"MG: El barcelon\u00e9s Manolo Garc\u00eda presenta hoy en el Kursaal su disco &#8216;Los d\u00edas intactos&#8217; 28.11.12 &#8211; 01:34 &#8211; I\u00d1AKI ZARATA | SAN SEBASTI\u00c1N.\" target=\"_self\" rel=\"follow\"> <font face=arial size=2>[Leer m\u00e1s]<\/font> <\/a><\/p>\n","protected":false},"author":2,"featured_media":0,"comment_status":"closed","ping_status":"closed","sticky":false,"template":"","format":"standard","meta":{"footnotes":""},"categories":[1],"tags":[],"class_list":["post-4150","post","type-post","status-publish","format-standard","hentry","category-manolo-garcia"],"_links":{"self":[{"href":"https:\/\/www.manologarciaycia.com\/index.php?rest_route=\/wp\/v2\/posts\/4150","targetHints":{"allow":["GET"]}}],"collection":[{"href":"https:\/\/www.manologarciaycia.com\/index.php?rest_route=\/wp\/v2\/posts"}],"about":[{"href":"https:\/\/www.manologarciaycia.com\/index.php?rest_route=\/wp\/v2\/types\/post"}],"author":[{"embeddable":true,"href":"https:\/\/www.manologarciaycia.com\/index.php?rest_route=\/wp\/v2\/users\/2"}],"replies":[{"embeddable":true,"href":"https:\/\/www.manologarciaycia.com\/index.php?rest_route=%2Fwp%2Fv2%2Fcomments&post=4150"}],"version-history":[{"count":2,"href":"https:\/\/www.manologarciaycia.com\/index.php?rest_route=\/wp\/v2\/posts\/4150\/revisions"}],"predecessor-version":[{"id":4152,"href":"https:\/\/www.manologarciaycia.com\/index.php?rest_route=\/wp\/v2\/posts\/4150\/revisions\/4152"}],"wp:attachment":[{"href":"https:\/\/www.manologarciaycia.com\/index.php?rest_route=%2Fwp%2Fv2%2Fmedia&parent=4150"}],"wp:term":[{"taxonomy":"category","embeddable":true,"href":"https:\/\/www.manologarciaycia.com\/index.php?rest_route=%2Fwp%2Fv2%2Fcategories&post=4150"},{"taxonomy":"post_tag","embeddable":true,"href":"https:\/\/www.manologarciaycia.com\/index.php?rest_route=%2Fwp%2Fv2%2Ftags&post=4150"}],"curies":[{"name":"wp","href":"https:\/\/api.w.org\/{rel}","templated":true}]}}